{"id":33170,"date":"2019-09-04T13:41:49","date_gmt":"2019-09-04T11:41:49","guid":{"rendered":"https:\/\/blog.wildix.com\/?p=33170"},"modified":"2020-03-24T15:39:52","modified_gmt":"2020-03-24T14:39:52","slug":"personal-branding-brauche-ich-das-wirklich","status":"publish","type":"post","link":"https:\/\/blog.wildix.com\/de\/personal-branding-brauche-ich-das-wirklich\/","title":{"rendered":"Personal Branding \u2013 Brauche ich das wirklich?"},"content":{"rendered":"<div class=\"wpb-content-wrapper\"><p>[vc_row][vc_column][vc_single_image image=&#8220;24897&#8243; img_size=&#8220;full&#8220; alignment=&#8220;center&#8220;][vc_column_text]<b>Warum es Sinn macht, sich mit dem Thema Personal Branding auseinanderzusetzen \u2013 und welche Vorteile es f\u00fcr das eigene Gesch\u00e4ftsumfeld mit sich bringt.<\/b><\/p>\n<p>Dem Begriff Personal Branding schl\u00e4gt immer noch viel Misstrauen entgegen. Grund daf\u00fcr ist wahrscheinlich, dass nicht eindeutig gekl\u00e4rt ist, was diese Aktivit\u00e4t eigentlich umfasst.<\/p>\n<p><b>Personal Branding<\/b>\u00a0bedeutet kurz gesagt, uns selbst \u2013 als Fachleute einer bestimmten Branche und in einem bestimmten Markt \u2013 im \u00f6ffentlichen Raum zu positionieren und entsprechend darzustellen.<!--more--><\/p>\n<p>Der englische Begriff verunsichert vielleicht \u2013 wenn man es sich aber genau \u00fcberlegt, <b>haben wir alle bereits Personal Branding betrieben und werden das auch in Zukunft weiterhin tun<\/b>: bei einem Bewerbungsgespr\u00e4ch, wenn wir bei einer Messe interessante Menschen treffen, bei einem gesch\u00e4ftlichen Fr\u00fchst\u00fcck oder bei einem Meeting im B\u00fcro. Wir verteidigen unsere Ideen und Kompetenzen und versuchen, andere von unseren Qualit\u00e4ten und Vorz\u00fcgen zu \u00fcberzeugen. Das ist v\u00f6llig normal.<\/p>\n<p><b> Was ver\u00e4ndert sich also?<\/b> Wir befinden uns im digitalen Zeitalter und heute findet Personal Branding \u00fcber <b> neue Kommunikationskan\u00e4le <\/b>(soziale Netzwerke, Blog, Webseiten, Artikel\u2026) statt.<\/p>\n<p>Ein Mythos, der sich nur schwer aus der Welt schaffen l\u00e4sst, ist, dass Personal Branding ausschlie\u00dflich von <em> freiberuflichen <\/em>Beratern,\u00a0die neue Kunden suchen, betrieben werden muss. Es ist klar, dass sich die <b> Beratungsbranche<\/b> ganz besonders f\u00fcr diese Aktivit\u00e4t eignet: ein\/e Berater\/in muss immer aktiv bleiben und sicherstellen, dass alle Bekannten und Kontaktpersonen \u00fcber sein\/ihr Angebot Bescheid wissen.<\/p>\n<blockquote><p><b> Wie oft habe ich von Fachleuten, die in gro\u00dfen Unternehmen t\u00e4tig sind, schon geh\u00f6rt: \u201c<\/b><b>Personal Branding? Das brauche ich nicht und au\u00dferdem habe ich keine Zeit&#8230;\u201d ?<\/b><\/p><\/blockquote>\n<p>Sehen wir uns die Sache genauer an.<\/p>\n<h4><b><ins>ICH BRAUCHE DAS NICHT: Erster Fehler.<\/ins><\/b><\/h4>\n<p>Alle Fachleute m\u00fcssen heutzutage Personal Branding betreiben. Einerseits um das <b>Vertrauen<\/b> ** von vorhandenen <b>Kunden<\/b> zu gewinnen und sie zu erinnern, dass sie die richtige Wahl getroffen haben. Andererseits um das <b>Interesse potenzieller Kunden<\/b> zu wecken, die bei ihrer Wahl sicherlich Experten bevorzugen. Au\u00dferdem k\u00f6nnen Sie so die eigenen <b>F\u00e4higkeiten und Kompetenzen<\/b> ** weiterentwickeln \u2013 denn man lernt nie aus. Es ist egal, ob man Autos, Software, Finanzprodukte, Reisepakete etc. verkauft. <b>Alle Kunden wollen heutzutage das Maximum<\/b>. Und wenn wir unsere Kompetenzen nicht anpreisen, wie k\u00f6nnen sich die Kunden dann f\u00fcr uns entscheiden und langfristig bei ihrer Entscheidung bleiben?<\/p>\n<h4><b><ins> DAS HAT MIT MEINER ARBEIT NICHTS ZU TUN: Zweiter Fehler.<\/ins><\/b><\/h4>\n<p>Dieses Argument h\u00f6rt man h\u00e4ufig, wenn es um das Thema Personal Branding geht. Es stimmt aber nicht. Hier eine kleine \u00dcbung: <strong>Geben Sie Ihren Vor- und Nachnamen bei Google ein<\/strong> und sehen Sie sich die Ergebnisse an. Es werden viele sein, die nicht ausschlie\u00dflich Sie betreffen, falls mehrere Menschen denselben Namen haben. Es werden aber sicherlich einige Fotos von Ihnen, einige \u00f6ffentliche Profile in sozialen Netzwerken, wie LinkedIn oder Facebook, und einige Posts oder Artikel auftauchen. Was bedeutet das? Dass Sie, egal, ob Ihnen das gef\u00e4llt oder nicht, bereits eine \u201eMarke\u201c in der digitalen Welt aufgebaut haben. Es ist daher ausschlaggebend, dass die Ergebnisse und Inhalte, die mit Ihrem Namen in Verbindung gebracht werden, mit Ihrem Beruf und Ihren gesch\u00e4ftlichen Zielen in Einklang stehen. Um das zu erreichen, m\u00fcssen Sie Ihre digitale Pr\u00e4senz genau wie Ihre \u201ePr\u00e4senz\u201c im Alltag pflegen.<\/p>\n<h4><b><ins>ICH HABE KEINE ZEIT: Dritter Fehler.<\/ins><\/b><\/h4>\n<p>Am Personal Branding m\u00fcssen Sie nicht jeden Tag arbeiten. Es reicht aus, <strong>sich gut zu organisieren und eine klare Vorstellung zu haben<\/strong>. Inzwischen gibt es kostenlose Programme, die es erm\u00f6glichen, n\u00fctzliche und interessante Inhalte zu finden und zu planen. Es reicht aus, sich zwei Stunden \u2013 vielleicht am Wochenende \u2013 Zeit zu nehmen, um sich an den PC zu setzen und zu <strong>suchen, kommentieren, schreiben, teilen<\/strong>.<\/p>\n<p>Das ist keine berufliche Aktivit\u00e4t und niemand wird Ihnen diese beiden Stunden bezahlen. Es sind Stunden, die Sie sich selbst widmen. Genau wie Sie ins Fitnessstudio, zum Abendessen in ein Restaurant oder mit Ihrer Familie spazieren gehen, sollten Sie sich auch Zeit f\u00fcr sich als Fachmann bzw. Fachfrau nehmen. Ansonsten investieren Sie den Gro\u00dfteil Ihrer Energie in das Unternehmen, bei dem Sie angestellt sind. Sie sind aber nicht das Unternehmen, in dem Sie arbeiten. Sie sind ein Fachmann bzw. eine Fachfrau, der\/die den Wert des Unternehmens, in dem Sie arbeiten, steigen l\u00e4sst. Vergessen Sie das nicht.<\/p>\n<p>Die digitale Welt gibt uns nicht nur die M\u00f6glichkeit, an unseren Kompetenzen zu arbeiten. Wir k\u00f6nnen sie auch mit unglaublich vielen Gesch\u00e4ftsleuten aus aller Welt teilen. H\u00f6ren Sie auf, aus Bequemlichkeit nichts zu tun. <strong>\u00dcbernehmen Sie die Kontrolle \u00fcber Ihr professionelles Erscheinungsbild und Ihr Personal Branding!<\/strong>[\/vc_column_text][\/vc_column][\/vc_row]<\/p>\n<\/div>","protected":false},"excerpt":{"rendered":"<p>[vc_row][vc_column][vc_single_image image=&#8220;24897&#8243; img_size=&#8220;full&#8220; alignment=&#8220;center&#8220;][vc_column_text]Warum es Sinn macht, sich mit dem Thema Personal Branding auseinanderzusetzen \u2013 und welche Vorteile es f\u00fcr das eigene Gesch\u00e4ftsumfeld mit sich bringt. Dem Begriff Personal Branding schl\u00e4gt immer noch viel Misstrauen entgegen. Grund daf\u00fcr ist wahrscheinlich, dass nicht eindeutig gekl\u00e4rt ist, was diese Aktivit\u00e4t eigentlich umfasst. Personal Branding\u00a0bedeutet kurz gesagt, uns &hellip; <\/p>\n<p class=\"link-more\"><a href=\"https:\/\/blog.wildix.com\/de\/personal-branding-brauche-ich-das-wirklich\/\" class=\"more-link\"><span class=\"screen-reader-text\">\u201ePersonal Branding \u2013 Brauche ich das wirklich?\u201c <\/span>weiterlesen<\/a><\/p>\n","protected":false},"author":546,"featured_media":24897,"comment_status":"open","ping_status":"open","sticky":false,"template":"","format":"standard","meta":{"_acf_changed":false,"footnotes":""},"categories":[54],"tags":[],"class_list":["post-33170","post","type-post","status-publish","format-standard","has-post-thumbnail","hentry","category-blog-de"],"acf":[],"yoast_head":"<!-- This site is optimized with the Yoast SEO plugin v27.4 - https:\/\/yoast.com\/product\/yoast-seo-wordpress\/ -->\n<title>Personal Branding - Brauche ich das wirklich?<\/title>\n<meta name=\"description\" content=\"Warum es Sinn macht, sich mit dem Thema Personal Branding auseinanderzusetzen \u2013 und welche Vorteile es f\u00fcr das eigene Gesch\u00e4ftsumfeld mit sich bringt.\" \/>\n<meta name=\"robots\" content=\"index, follow, max-snippet:-1, max-image-preview:large, max-video-preview:-1\" \/>\n<link rel=\"canonical\" href=\"https:\/\/blog.wildix.com\/de\/personal-branding-brauche-ich-das-wirklich\/\" \/>\n<meta property=\"og:locale\" content=\"de_DE\" \/>\n<meta property=\"og:type\" content=\"article\" \/>\n<meta property=\"og:title\" content=\"Personal Branding - Brauche ich das wirklich?\" \/>\n<meta property=\"og:description\" content=\"Warum es Sinn macht, sich mit dem Thema Personal Branding auseinanderzusetzen \u2013 und welche Vorteile es f\u00fcr das eigene Gesch\u00e4ftsumfeld mit sich bringt.\" \/>\n<meta property=\"og:url\" content=\"https:\/\/blog.wildix.com\/de\/personal-branding-brauche-ich-das-wirklich\/\" \/>\n<meta property=\"og:site_name\" content=\"Wildix Blog\" \/>\n<meta property=\"article:publisher\" content=\"https:\/\/www.facebook.com\/wildix.pbx\" \/>\n<meta property=\"article:published_time\" content=\"2019-09-04T11:41:49+00:00\" \/>\n<meta property=\"article:modified_time\" content=\"2020-03-24T14:39:52+00:00\" \/>\n<meta property=\"og:image\" content=\"https:\/\/blog.wildix.com\/wp-content\/uploads\/2019\/03\/personal-branding-a-me-non-serve-e-poi-non-ho-tempo.jpg\" \/>\n\t<meta property=\"og:image:width\" content=\"1000\" \/>\n\t<meta property=\"og:image:height\" content=\"667\" \/>\n\t<meta property=\"og:image:type\" content=\"image\/jpeg\" \/>\n<meta name=\"author\" content=\"Giulia Perotta\" \/>\n<meta name=\"twitter:card\" content=\"summary_large_image\" \/>\n<meta name=\"twitter:creator\" content=\"@WildixSrl\" \/>\n<meta name=\"twitter:site\" content=\"@WildixSrl\" \/>\n<meta name=\"twitter:label1\" content=\"Verfasst von\" \/>\n\t<meta name=\"twitter:data1\" content=\"Giulia Perotta\" \/>\n\t<meta name=\"twitter:label2\" content=\"Gesch\u00e4tzte Lesezeit\" \/>\n\t<meta name=\"twitter:data2\" content=\"4\u00a0Minuten\" \/>\n<script type=\"application\/ld+json\" class=\"yoast-schema-graph\">{\"@context\":\"https:\\\/\\\/schema.org\",\"@graph\":[{\"@type\":[\"Article\",\"BlogPosting\"],\"@id\":\"https:\\\/\\\/blog.wildix.com\\\/de\\\/personal-branding-brauche-ich-das-wirklich\\\/#article\",\"isPartOf\":{\"@id\":\"https:\\\/\\\/blog.wildix.com\\\/de\\\/personal-branding-brauche-ich-das-wirklich\\\/\"},\"author\":{\"name\":\"Giulia Perotta\",\"@id\":\"https:\\\/\\\/blog.wildix.com\\\/#\\\/schema\\\/person\\\/33bfb2fc3a73b6e9d42bd399cd1b3487\"},\"headline\":\"Personal Branding \u2013 Brauche ich das wirklich?\",\"datePublished\":\"2019-09-04T11:41:49+00:00\",\"dateModified\":\"2020-03-24T14:39:52+00:00\",\"mainEntityOfPage\":{\"@id\":\"https:\\\/\\\/blog.wildix.com\\\/de\\\/personal-branding-brauche-ich-das-wirklich\\\/\"},\"wordCount\":799,\"commentCount\":0,\"publisher\":{\"@id\":\"https:\\\/\\\/blog.wildix.com\\\/#organization\"},\"image\":{\"@id\":\"https:\\\/\\\/blog.wildix.com\\\/de\\\/personal-branding-brauche-ich-das-wirklich\\\/#primaryimage\"},\"thumbnailUrl\":\"https:\\\/\\\/blog.wildix.com\\\/wp-content\\\/uploads\\\/2019\\\/03\\\/personal-branding-a-me-non-serve-e-poi-non-ho-tempo.jpg\",\"articleSection\":[\"Blog @de\"],\"inLanguage\":\"de\",\"potentialAction\":[{\"@type\":\"CommentAction\",\"name\":\"Comment\",\"target\":[\"https:\\\/\\\/blog.wildix.com\\\/de\\\/personal-branding-brauche-ich-das-wirklich\\\/#respond\"]}]},{\"@type\":\"WebPage\",\"@id\":\"https:\\\/\\\/blog.wildix.com\\\/de\\\/personal-branding-brauche-ich-das-wirklich\\\/\",\"url\":\"https:\\\/\\\/blog.wildix.com\\\/de\\\/personal-branding-brauche-ich-das-wirklich\\\/\",\"name\":\"Personal Branding - Brauche ich das wirklich?\",\"isPartOf\":{\"@id\":\"https:\\\/\\\/blog.wildix.com\\\/#website\"},\"primaryImageOfPage\":{\"@id\":\"https:\\\/\\\/blog.wildix.com\\\/de\\\/personal-branding-brauche-ich-das-wirklich\\\/#primaryimage\"},\"image\":{\"@id\":\"https:\\\/\\\/blog.wildix.com\\\/de\\\/personal-branding-brauche-ich-das-wirklich\\\/#primaryimage\"},\"thumbnailUrl\":\"https:\\\/\\\/blog.wildix.com\\\/wp-content\\\/uploads\\\/2019\\\/03\\\/personal-branding-a-me-non-serve-e-poi-non-ho-tempo.jpg\",\"datePublished\":\"2019-09-04T11:41:49+00:00\",\"dateModified\":\"2020-03-24T14:39:52+00:00\",\"description\":\"Warum es Sinn macht, sich mit dem Thema Personal Branding auseinanderzusetzen \u2013 und welche Vorteile es f\u00fcr das eigene Gesch\u00e4ftsumfeld mit sich bringt.\",\"breadcrumb\":{\"@id\":\"https:\\\/\\\/blog.wildix.com\\\/de\\\/personal-branding-brauche-ich-das-wirklich\\\/#breadcrumb\"},\"inLanguage\":\"de\",\"potentialAction\":[{\"@type\":\"ReadAction\",\"target\":[\"https:\\\/\\\/blog.wildix.com\\\/de\\\/personal-branding-brauche-ich-das-wirklich\\\/\"]}]},{\"@type\":\"ImageObject\",\"inLanguage\":\"de\",\"@id\":\"https:\\\/\\\/blog.wildix.com\\\/de\\\/personal-branding-brauche-ich-das-wirklich\\\/#primaryimage\",\"url\":\"https:\\\/\\\/blog.wildix.com\\\/wp-content\\\/uploads\\\/2019\\\/03\\\/personal-branding-a-me-non-serve-e-poi-non-ho-tempo.jpg\",\"contentUrl\":\"https:\\\/\\\/blog.wildix.com\\\/wp-content\\\/uploads\\\/2019\\\/03\\\/personal-branding-a-me-non-serve-e-poi-non-ho-tempo.jpg\",\"width\":1000,\"height\":667},{\"@type\":\"BreadcrumbList\",\"@id\":\"https:\\\/\\\/blog.wildix.com\\\/de\\\/personal-branding-brauche-ich-das-wirklich\\\/#breadcrumb\",\"itemListElement\":[{\"@type\":\"ListItem\",\"position\":1,\"name\":\"Home\",\"item\":\"https:\\\/\\\/blog.wildix.com\\\/de\\\/\"},{\"@type\":\"ListItem\",\"position\":2,\"name\":\"Blog @de\",\"item\":\"https:\\\/\\\/blog.wildix.com\\\/de\\\/category\\\/blog-de\\\/\"},{\"@type\":\"ListItem\",\"position\":3,\"name\":\"Personal Branding \u2013 Brauche ich das wirklich?\"}]},{\"@type\":\"WebSite\",\"@id\":\"https:\\\/\\\/blog.wildix.com\\\/#website\",\"url\":\"https:\\\/\\\/blog.wildix.com\\\/\",\"name\":\"Wildix Blog\",\"description\":\"From VoIP to Unified Communications and WebRTC\",\"publisher\":{\"@id\":\"https:\\\/\\\/blog.wildix.com\\\/#organization\"},\"potentialAction\":[{\"@type\":\"SearchAction\",\"target\":{\"@type\":\"EntryPoint\",\"urlTemplate\":\"https:\\\/\\\/blog.wildix.com\\\/?s={search_term_string}\"},\"query-input\":{\"@type\":\"PropertyValueSpecification\",\"valueRequired\":true,\"valueName\":\"search_term_string\"}}],\"inLanguage\":\"de\"},{\"@type\":\"Organization\",\"@id\":\"https:\\\/\\\/blog.wildix.com\\\/#organization\",\"name\":\"Wildix\",\"url\":\"https:\\\/\\\/blog.wildix.com\\\/\",\"logo\":{\"@type\":\"ImageObject\",\"inLanguage\":\"de\",\"@id\":\"https:\\\/\\\/blog.wildix.com\\\/#\\\/schema\\\/logo\\\/image\\\/\",\"url\":\"https:\\\/\\\/blog.wildix.com\\\/wp-content\\\/uploads\\\/2015\\\/05\\\/LOGO-WILDIX-BLU-small-e1733323375170.jpg\",\"contentUrl\":\"https:\\\/\\\/blog.wildix.com\\\/wp-content\\\/uploads\\\/2015\\\/05\\\/LOGO-WILDIX-BLU-small-e1733323375170.jpg\",\"width\":473,\"height\":192,\"caption\":\"Wildix\"},\"image\":{\"@id\":\"https:\\\/\\\/blog.wildix.com\\\/#\\\/schema\\\/logo\\\/image\\\/\"},\"sameAs\":[\"https:\\\/\\\/www.facebook.com\\\/wildix.pbx\",\"https:\\\/\\\/x.com\\\/WildixSrl\",\"https:\\\/\\\/www.linkedin.com\\\/company\\\/wildix-srl\",\"https:\\\/\\\/www.youtube.com\\\/user\\\/WildixPBX\"]},{\"@type\":\"Person\",\"@id\":\"https:\\\/\\\/blog.wildix.com\\\/#\\\/schema\\\/person\\\/33bfb2fc3a73b6e9d42bd399cd1b3487\",\"name\":\"Giulia Perotta\",\"image\":{\"@type\":\"ImageObject\",\"inLanguage\":\"de\",\"@id\":\"https:\\\/\\\/secure.gravatar.com\\\/avatar\\\/eaf31a1921e765abe809563adf911dc2be01680006c620bb1939367128777b96?s=96&d=retro&r=g\",\"url\":\"https:\\\/\\\/secure.gravatar.com\\\/avatar\\\/eaf31a1921e765abe809563adf911dc2be01680006c620bb1939367128777b96?s=96&d=retro&r=g\",\"contentUrl\":\"https:\\\/\\\/secure.gravatar.com\\\/avatar\\\/eaf31a1921e765abe809563adf911dc2be01680006c620bb1939367128777b96?s=96&d=retro&r=g\",\"caption\":\"Giulia Perotta\"},\"url\":\"https:\\\/\\\/blog.wildix.com\\\/de\\\/author\\\/giulia-perotta\\\/\"}]}<\/script>\n<!-- \/ Yoast SEO plugin. -->","yoast_head_json":{"title":"Personal Branding - Brauche ich das wirklich?","description":"Warum es Sinn macht, sich mit dem Thema Personal Branding auseinanderzusetzen \u2013 und welche Vorteile es f\u00fcr das eigene Gesch\u00e4ftsumfeld mit sich bringt.","robots":{"index":"index","follow":"follow","max-snippet":"max-snippet:-1","max-image-preview":"max-image-preview:large","max-video-preview":"max-video-preview:-1"},"canonical":"https:\/\/blog.wildix.com\/de\/personal-branding-brauche-ich-das-wirklich\/","og_locale":"de_DE","og_type":"article","og_title":"Personal Branding - Brauche ich das wirklich?","og_description":"Warum es Sinn macht, sich mit dem Thema Personal Branding auseinanderzusetzen \u2013 und welche Vorteile es f\u00fcr das eigene Gesch\u00e4ftsumfeld mit sich bringt.","og_url":"https:\/\/blog.wildix.com\/de\/personal-branding-brauche-ich-das-wirklich\/","og_site_name":"Wildix Blog","article_publisher":"https:\/\/www.facebook.com\/wildix.pbx","article_published_time":"2019-09-04T11:41:49+00:00","article_modified_time":"2020-03-24T14:39:52+00:00","og_image":[{"width":1000,"height":667,"url":"https:\/\/blog.wildix.com\/wp-content\/uploads\/2019\/03\/personal-branding-a-me-non-serve-e-poi-non-ho-tempo.jpg","type":"image\/jpeg"}],"author":"Giulia Perotta","twitter_card":"summary_large_image","twitter_creator":"@WildixSrl","twitter_site":"@WildixSrl","twitter_misc":{"Verfasst von":"Giulia Perotta","Gesch\u00e4tzte Lesezeit":"4\u00a0Minuten"},"schema":{"@context":"https:\/\/schema.org","@graph":[{"@type":["Article","BlogPosting"],"@id":"https:\/\/blog.wildix.com\/de\/personal-branding-brauche-ich-das-wirklich\/#article","isPartOf":{"@id":"https:\/\/blog.wildix.com\/de\/personal-branding-brauche-ich-das-wirklich\/"},"author":{"name":"Giulia Perotta","@id":"https:\/\/blog.wildix.com\/#\/schema\/person\/33bfb2fc3a73b6e9d42bd399cd1b3487"},"headline":"Personal Branding \u2013 Brauche ich das wirklich?","datePublished":"2019-09-04T11:41:49+00:00","dateModified":"2020-03-24T14:39:52+00:00","mainEntityOfPage":{"@id":"https:\/\/blog.wildix.com\/de\/personal-branding-brauche-ich-das-wirklich\/"},"wordCount":799,"commentCount":0,"publisher":{"@id":"https:\/\/blog.wildix.com\/#organization"},"image":{"@id":"https:\/\/blog.wildix.com\/de\/personal-branding-brauche-ich-das-wirklich\/#primaryimage"},"thumbnailUrl":"https:\/\/blog.wildix.com\/wp-content\/uploads\/2019\/03\/personal-branding-a-me-non-serve-e-poi-non-ho-tempo.jpg","articleSection":["Blog @de"],"inLanguage":"de","potentialAction":[{"@type":"CommentAction","name":"Comment","target":["https:\/\/blog.wildix.com\/de\/personal-branding-brauche-ich-das-wirklich\/#respond"]}]},{"@type":"WebPage","@id":"https:\/\/blog.wildix.com\/de\/personal-branding-brauche-ich-das-wirklich\/","url":"https:\/\/blog.wildix.com\/de\/personal-branding-brauche-ich-das-wirklich\/","name":"Personal Branding - Brauche ich das wirklich?","isPartOf":{"@id":"https:\/\/blog.wildix.com\/#website"},"primaryImageOfPage":{"@id":"https:\/\/blog.wildix.com\/de\/personal-branding-brauche-ich-das-wirklich\/#primaryimage"},"image":{"@id":"https:\/\/blog.wildix.com\/de\/personal-branding-brauche-ich-das-wirklich\/#primaryimage"},"thumbnailUrl":"https:\/\/blog.wildix.com\/wp-content\/uploads\/2019\/03\/personal-branding-a-me-non-serve-e-poi-non-ho-tempo.jpg","datePublished":"2019-09-04T11:41:49+00:00","dateModified":"2020-03-24T14:39:52+00:00","description":"Warum es Sinn macht, sich mit dem Thema Personal Branding auseinanderzusetzen \u2013 und welche Vorteile es f\u00fcr das eigene Gesch\u00e4ftsumfeld mit sich bringt.","breadcrumb":{"@id":"https:\/\/blog.wildix.com\/de\/personal-branding-brauche-ich-das-wirklich\/#breadcrumb"},"inLanguage":"de","potentialAction":[{"@type":"ReadAction","target":["https:\/\/blog.wildix.com\/de\/personal-branding-brauche-ich-das-wirklich\/"]}]},{"@type":"ImageObject","inLanguage":"de","@id":"https:\/\/blog.wildix.com\/de\/personal-branding-brauche-ich-das-wirklich\/#primaryimage","url":"https:\/\/blog.wildix.com\/wp-content\/uploads\/2019\/03\/personal-branding-a-me-non-serve-e-poi-non-ho-tempo.jpg","contentUrl":"https:\/\/blog.wildix.com\/wp-content\/uploads\/2019\/03\/personal-branding-a-me-non-serve-e-poi-non-ho-tempo.jpg","width":1000,"height":667},{"@type":"BreadcrumbList","@id":"https:\/\/blog.wildix.com\/de\/personal-branding-brauche-ich-das-wirklich\/#breadcrumb","itemListElement":[{"@type":"ListItem","position":1,"name":"Home","item":"https:\/\/blog.wildix.com\/de\/"},{"@type":"ListItem","position":2,"name":"Blog @de","item":"https:\/\/blog.wildix.com\/de\/category\/blog-de\/"},{"@type":"ListItem","position":3,"name":"Personal Branding \u2013 Brauche ich das wirklich?"}]},{"@type":"WebSite","@id":"https:\/\/blog.wildix.com\/#website","url":"https:\/\/blog.wildix.com\/","name":"Wildix Blog","description":"From VoIP to Unified Communications and WebRTC","publisher":{"@id":"https:\/\/blog.wildix.com\/#organization"},"potentialAction":[{"@type":"SearchAction","target":{"@type":"EntryPoint","urlTemplate":"https:\/\/blog.wildix.com\/?s={search_term_string}"},"query-input":{"@type":"PropertyValueSpecification","valueRequired":true,"valueName":"search_term_string"}}],"inLanguage":"de"},{"@type":"Organization","@id":"https:\/\/blog.wildix.com\/#organization","name":"Wildix","url":"https:\/\/blog.wildix.com\/","logo":{"@type":"ImageObject","inLanguage":"de","@id":"https:\/\/blog.wildix.com\/#\/schema\/logo\/image\/","url":"https:\/\/blog.wildix.com\/wp-content\/uploads\/2015\/05\/LOGO-WILDIX-BLU-small-e1733323375170.jpg","contentUrl":"https:\/\/blog.wildix.com\/wp-content\/uploads\/2015\/05\/LOGO-WILDIX-BLU-small-e1733323375170.jpg","width":473,"height":192,"caption":"Wildix"},"image":{"@id":"https:\/\/blog.wildix.com\/#\/schema\/logo\/image\/"},"sameAs":["https:\/\/www.facebook.com\/wildix.pbx","https:\/\/x.com\/WildixSrl","https:\/\/www.linkedin.com\/company\/wildix-srl","https:\/\/www.youtube.com\/user\/WildixPBX"]},{"@type":"Person","@id":"https:\/\/blog.wildix.com\/#\/schema\/person\/33bfb2fc3a73b6e9d42bd399cd1b3487","name":"Giulia Perotta","image":{"@type":"ImageObject","inLanguage":"de","@id":"https:\/\/secure.gravatar.com\/avatar\/eaf31a1921e765abe809563adf911dc2be01680006c620bb1939367128777b96?s=96&d=retro&r=g","url":"https:\/\/secure.gravatar.com\/avatar\/eaf31a1921e765abe809563adf911dc2be01680006c620bb1939367128777b96?s=96&d=retro&r=g","contentUrl":"https:\/\/secure.gravatar.com\/avatar\/eaf31a1921e765abe809563adf911dc2be01680006c620bb1939367128777b96?s=96&d=retro&r=g","caption":"Giulia Perotta"},"url":"https:\/\/blog.wildix.com\/de\/author\/giulia-perotta\/"}]}},"_links":{"self":[{"href":"https:\/\/blog.wildix.com\/de\/wp-json\/wp\/v2\/posts\/33170","targetHints":{"allow":["GET"]}}],"collection":[{"href":"https:\/\/blog.wildix.com\/de\/wp-json\/wp\/v2\/posts"}],"about":[{"href":"https:\/\/blog.wildix.com\/de\/wp-json\/wp\/v2\/types\/post"}],"author":[{"embeddable":true,"href":"https:\/\/blog.wildix.com\/de\/wp-json\/wp\/v2\/users\/546"}],"replies":[{"embeddable":true,"href":"https:\/\/blog.wildix.com\/de\/wp-json\/wp\/v2\/comments?post=33170"}],"version-history":[{"count":0,"href":"https:\/\/blog.wildix.com\/de\/wp-json\/wp\/v2\/posts\/33170\/revisions"}],"wp:featuredmedia":[{"embeddable":true,"href":"https:\/\/blog.wildix.com\/de\/wp-json\/wp\/v2\/media\/24897"}],"wp:attachment":[{"href":"https:\/\/blog.wildix.com\/de\/wp-json\/wp\/v2\/media?parent=33170"}],"wp:term":[{"taxonomy":"category","embeddable":true,"href":"https:\/\/blog.wildix.com\/de\/wp-json\/wp\/v2\/categories?post=33170"},{"taxonomy":"post_tag","embeddable":true,"href":"https:\/\/blog.wildix.com\/de\/wp-json\/wp\/v2\/tags?post=33170"}],"curies":[{"name":"wp","href":"https:\/\/api.w.org\/{rel}","templated":true}]}}