{"id":34049,"date":"2019-10-01T14:53:37","date_gmt":"2019-10-01T12:53:37","guid":{"rendered":"https:\/\/blog.wildix.com\/?p=34049"},"modified":"2019-10-01T14:55:41","modified_gmt":"2019-10-01T12:55:41","slug":"personal-branding-no-lo-necesito-y-no-tengo-tiempo","status":"publish","type":"post","link":"https:\/\/blog.wildix.com\/es\/personal-branding-no-lo-necesito-y-no-tengo-tiempo\/","title":{"rendered":"\u00bfPersonal Branding? No lo necesito, y no tengo tiempo"},"content":{"rendered":"<div class=\"wpb-content-wrapper\"><p>[vc_row][vc_column][vc_single_image image=\u00bb24897&#8243; img_size=\u00bbfull\u00bb alignment=\u00bbcenter\u00bb][vc_column_text]Cuando se trata de la marca personal (o Personal Branding), hay mucho escepticismo por ahi\u0301. El te\u0301rmino en si\u0301 a menudo da lugar a malentendidos.<\/p>\n<p>Asi\u0301 que comencemos con una definicio\u0301n ra\u0301pida. En pocas palabras, \u201cPersonal Branding\u201d significa promocionarnos a nosotros mismos, o sea dedicar tiempo y atencio\u0301n a nosotros mismos como profesionales dentro de una industria especi\u0301 ca.<\/p>\n<p>Tanto si la idea te parece intimidatoria o simplemente molesta, hay algo que no se puede negar: todos hemos participado en Personal Branding. Lo hemos hecho en el pasado, lo hacemos ahora y seguiremos hacie\u0301ndolo. \u00bfSorprendido? <!--more--><\/p>\n<p>Bueno, pie\u0301nsalo: durante una entrevista, cuando hacemos networking en una conferencia o feria, cuando vamos a un almuerzo de negocios, e incluso durante las reuniones de o cina del di\u0301a a di\u0301a, defendemos nuestras ideas y nuestras habilidades, damos a conocer nuestras habilidades y logros, y es una parte totalmente normal e importante de las interacciones profesionales.<\/p>\n<p>\u00bfPero que\u0301 hay de diferente hoy? Estamos firmemente plantados en la era digital, lo que significa que ahora debemos construir nuestra marca personal a trave\u0301s de nuevos canales de comunicacio\u0301n (redes sociales, blogs, sitios web, arti\u0301culos&#8230;).<\/p>\n<p>Un error frecuente es pensar que el Personal Branding solo es u\u0301til para los consultores independientes que buscan nuevos clientes. Si bien la industria de consultori\u0301a se presta muy bien para este tipo de actividad, un consultor siempre debe estar \u00aba punto\u00bb, y su negocio depende de su reputacio\u0301n y red; la utilidad del Personal Branding de ninguna manera termina con la consultori\u0301a.<\/p>\n<p>Y, sin embargo, cua\u0301ntas veces he escuchado a profesionales de grandes compan\u0303i\u0301as decir algo como \u201cPersonal Branding? No lo necesito, e incluso si lo hiciera, no tengo tiempo&#8230; \u201d.<\/p>\n<p>Bien. Abordemos esto en orden.<\/p>\n<h2>\u201cNO LO NECESITO\u201d: Primer error.<\/h2>\n<p>Todo profesional necesita tener una marca personal hoy. Es una manera de infundir con anza en tus clientes existentes, ayudando a reforzar que han tomado la decisio\u0301n correcta. Tambie\u0301n es una forma vital de atraer el intere\u0301s de clientes potenciales que, cuando llegue el momento de la decisio\u0301n, sin duda preferira\u0301n tratar con un experto reconocidoen el campo. Finalmente, la marca personal sirve para ampliar tu red y desarrollar au\u0301n ma\u0301s tus habilidades&#8230; Continuar el proceso de aprendizaje, que (como ya sabes) nunca termina.<\/p>\n<p>No importa si vendes coches, software, productos nancieros, paquetes de viaje o cualquier otra cosa. Todos los clientes de hoy quieren la excelencia.<\/p>\n<p>Y si no promueves tus habilidades y habilidades, \u00bfquie\u0301n lo hara\u0301? Y lo que es ma\u0301s importante, \u00bfco\u0301mo podra\u0301n los clientes elegirte sobre tu competencia y tener con anza en su eleccio\u0301n, lo que se traduce en clientes leales a largo plazo?<\/p>\n<h2>\u201cNO TENGO TIEMPO\u201d: Segundo error.<\/h2>\n<p>La marca personal no es algo en lo que tengas que invertir horas todos los di\u0301as. Solo tienes que estar<\/p>\n<p>organizado y tener un plan. Afortunadamente, hay muchas herramientas gratuitas disponibles que nos permiten buscar, plani car y publicar contenido interesante y u\u0301til.<\/p>\n<p>Puede ser suficiente dedicar dos horas durante un tiempo que sea conveniente, tal vez durante el fin de semana, a sentarse frente a tu ordenador y buscar, comentar, escribir, compartir. Ahora, sin embargo, esto no es un trabajo por el que puedas facturar&#8230; Nadie te pagara\u0301 por el tiempo que inviertas en ti mismo. Pero asi\u0301 como es importante que vayas al gimnasio, salgas a cenar o a pasear con tu familia, es igualmente importante que dediques tiempo a ti mismo como profesional.<\/p>\n<p>De lo contrario, corres el riesgo de dedicar el 90% a la empresa para la que trabajas: no eres la empresa para la que trabajas, eres un profesional que aumenta el valor de la empresa para la que trabajas. No lo olvides.<\/p>\n<p>El mundo digital nos permite no solo ampliar nuestras habilidades, sino tambie\u0301n compartirlas fa\u0301cilmente con otros profesionales y potenciales clientes de todo el mundo. No ignoremos esta oportunidad por pereza: \u00a1tomemos el timo\u0301n y utilicemos Personal Branding para ayudarnos a alcanzar nuestras metas y tener una vida profesional ma\u0301s satisfactoria!<\/p>\n<p><b>\u00bfDeseas saber m\u00e1s? Solicita la revista Wildix, donde encontrar\u00e1s las experiencias de nuestros colaboradores y de usuarios como t\u00fa. <\/b><a href=\"https:\/\/www.wildix.com\/es\/wildix-magazine\/\" target=\"_blank\" rel=\"noopener\"><b>Haz clic aqu\u00ed<\/b><\/a>[\/vc_column_text][\/vc_column][\/vc_row]<\/p>\n<\/div>","protected":false},"excerpt":{"rendered":"<p>[vc_row][vc_column][vc_single_image image=\u00bb24897&#8243; img_size=\u00bbfull\u00bb alignment=\u00bbcenter\u00bb][vc_column_text]Cuando se trata de la marca personal (o Personal Branding), hay mucho escepticismo por ahi\u0301. El te\u0301rmino en si\u0301 a menudo da lugar a malentendidos. Asi\u0301 que comencemos con una definicio\u0301n ra\u0301pida. En pocas palabras, \u201cPersonal Branding\u201d significa promocionarnos a nosotros mismos, o sea dedicar tiempo y atencio\u0301n a nosotros mismos como &hellip; <\/p>\n<p class=\"link-more\"><a href=\"https:\/\/blog.wildix.com\/es\/personal-branding-no-lo-necesito-y-no-tengo-tiempo\/\" class=\"more-link\">Continuar leyendo<span class=\"screen-reader-text\"> \u00ab\u00bfPersonal Branding? No lo necesito, y no tengo tiempo\u00bb<\/span><\/a><\/p>\n","protected":false},"author":546,"featured_media":24897,"comment_status":"open","ping_status":"open","sticky":false,"template":"","format":"standard","meta":{"_acf_changed":false,"footnotes":""},"categories":[732],"tags":[],"class_list":["post-34049","post","type-post","status-publish","format-standard","has-post-thumbnail","hentry","category-blog-es"],"acf":[],"yoast_head":"<!-- This site is optimized with the Yoast SEO plugin v27.4 - https:\/\/yoast.com\/product\/yoast-seo-wordpress\/ -->\n<title>\u00bfPersonal Branding? No lo necesito, y no tengo tiempo<\/title>\n<meta name=\"description\" content=\"Porqu\u00e9 debes elaborar tu marca personal para administrar tu negocio.\" \/>\n<meta name=\"robots\" content=\"index, follow, max-snippet:-1, max-image-preview:large, max-video-preview:-1\" \/>\n<link rel=\"canonical\" href=\"https:\/\/blog.wildix.com\/es\/personal-branding-no-lo-necesito-y-no-tengo-tiempo\/\" \/>\n<meta property=\"og:locale\" content=\"es_ES\" \/>\n<meta property=\"og:type\" content=\"article\" \/>\n<meta property=\"og:title\" content=\"\u00bfPersonal Branding? No lo necesito, y no tengo tiempo\" \/>\n<meta property=\"og:description\" content=\"Porqu\u00e9 debes elaborar tu marca personal para administrar tu negocio.\" \/>\n<meta property=\"og:url\" content=\"https:\/\/blog.wildix.com\/es\/personal-branding-no-lo-necesito-y-no-tengo-tiempo\/\" \/>\n<meta property=\"og:site_name\" content=\"Wildix Blog\" \/>\n<meta property=\"article:publisher\" content=\"https:\/\/www.facebook.com\/wildix.pbx\" \/>\n<meta property=\"article:published_time\" content=\"2019-10-01T12:53:37+00:00\" \/>\n<meta property=\"article:modified_time\" content=\"2019-10-01T12:55:41+00:00\" \/>\n<meta property=\"og:image\" content=\"https:\/\/blog.wildix.com\/wp-content\/uploads\/2019\/03\/personal-branding-a-me-non-serve-e-poi-non-ho-tempo.jpg\" \/>\n\t<meta property=\"og:image:width\" content=\"1000\" \/>\n\t<meta property=\"og:image:height\" content=\"667\" \/>\n\t<meta property=\"og:image:type\" content=\"image\/jpeg\" \/>\n<meta name=\"author\" content=\"Giulia Perotta\" \/>\n<meta name=\"twitter:card\" content=\"summary_large_image\" \/>\n<meta name=\"twitter:creator\" content=\"@WildixSrl\" \/>\n<meta name=\"twitter:site\" content=\"@WildixSrl\" \/>\n<meta name=\"twitter:label1\" content=\"Escrito por\" \/>\n\t<meta name=\"twitter:data1\" content=\"Giulia Perotta\" \/>\n\t<meta name=\"twitter:label2\" content=\"Tiempo de lectura\" \/>\n\t<meta name=\"twitter:data2\" content=\"4 minutos\" \/>\n<script type=\"application\/ld+json\" class=\"yoast-schema-graph\">{\"@context\":\"https:\\\/\\\/schema.org\",\"@graph\":[{\"@type\":[\"Article\",\"BlogPosting\"],\"@id\":\"https:\\\/\\\/blog.wildix.com\\\/es\\\/personal-branding-no-lo-necesito-y-no-tengo-tiempo\\\/#article\",\"isPartOf\":{\"@id\":\"https:\\\/\\\/blog.wildix.com\\\/es\\\/personal-branding-no-lo-necesito-y-no-tengo-tiempo\\\/\"},\"author\":{\"name\":\"Giulia Perotta\",\"@id\":\"https:\\\/\\\/blog.wildix.com\\\/#\\\/schema\\\/person\\\/33bfb2fc3a73b6e9d42bd399cd1b3487\"},\"headline\":\"\u00bfPersonal Branding? No lo necesito, y no tengo tiempo\",\"datePublished\":\"2019-10-01T12:53:37+00:00\",\"dateModified\":\"2019-10-01T12:55:41+00:00\",\"mainEntityOfPage\":{\"@id\":\"https:\\\/\\\/blog.wildix.com\\\/es\\\/personal-branding-no-lo-necesito-y-no-tengo-tiempo\\\/\"},\"wordCount\":752,\"commentCount\":0,\"publisher\":{\"@id\":\"https:\\\/\\\/blog.wildix.com\\\/#organization\"},\"image\":{\"@id\":\"https:\\\/\\\/blog.wildix.com\\\/es\\\/personal-branding-no-lo-necesito-y-no-tengo-tiempo\\\/#primaryimage\"},\"thumbnailUrl\":\"https:\\\/\\\/blog.wildix.com\\\/wp-content\\\/uploads\\\/2019\\\/03\\\/personal-branding-a-me-non-serve-e-poi-non-ho-tempo.jpg\",\"articleSection\":[\"Blog @es\"],\"inLanguage\":\"es\",\"potentialAction\":[{\"@type\":\"CommentAction\",\"name\":\"Comment\",\"target\":[\"https:\\\/\\\/blog.wildix.com\\\/es\\\/personal-branding-no-lo-necesito-y-no-tengo-tiempo\\\/#respond\"]}]},{\"@type\":\"WebPage\",\"@id\":\"https:\\\/\\\/blog.wildix.com\\\/es\\\/personal-branding-no-lo-necesito-y-no-tengo-tiempo\\\/\",\"url\":\"https:\\\/\\\/blog.wildix.com\\\/es\\\/personal-branding-no-lo-necesito-y-no-tengo-tiempo\\\/\",\"name\":\"\u00bfPersonal Branding? No lo necesito, y no tengo tiempo\",\"isPartOf\":{\"@id\":\"https:\\\/\\\/blog.wildix.com\\\/#website\"},\"primaryImageOfPage\":{\"@id\":\"https:\\\/\\\/blog.wildix.com\\\/es\\\/personal-branding-no-lo-necesito-y-no-tengo-tiempo\\\/#primaryimage\"},\"image\":{\"@id\":\"https:\\\/\\\/blog.wildix.com\\\/es\\\/personal-branding-no-lo-necesito-y-no-tengo-tiempo\\\/#primaryimage\"},\"thumbnailUrl\":\"https:\\\/\\\/blog.wildix.com\\\/wp-content\\\/uploads\\\/2019\\\/03\\\/personal-branding-a-me-non-serve-e-poi-non-ho-tempo.jpg\",\"datePublished\":\"2019-10-01T12:53:37+00:00\",\"dateModified\":\"2019-10-01T12:55:41+00:00\",\"description\":\"Porqu\u00e9 debes elaborar tu marca personal para administrar tu negocio.\",\"breadcrumb\":{\"@id\":\"https:\\\/\\\/blog.wildix.com\\\/es\\\/personal-branding-no-lo-necesito-y-no-tengo-tiempo\\\/#breadcrumb\"},\"inLanguage\":\"es\",\"potentialAction\":[{\"@type\":\"ReadAction\",\"target\":[\"https:\\\/\\\/blog.wildix.com\\\/es\\\/personal-branding-no-lo-necesito-y-no-tengo-tiempo\\\/\"]}]},{\"@type\":\"ImageObject\",\"inLanguage\":\"es\",\"@id\":\"https:\\\/\\\/blog.wildix.com\\\/es\\\/personal-branding-no-lo-necesito-y-no-tengo-tiempo\\\/#primaryimage\",\"url\":\"https:\\\/\\\/blog.wildix.com\\\/wp-content\\\/uploads\\\/2019\\\/03\\\/personal-branding-a-me-non-serve-e-poi-non-ho-tempo.jpg\",\"contentUrl\":\"https:\\\/\\\/blog.wildix.com\\\/wp-content\\\/uploads\\\/2019\\\/03\\\/personal-branding-a-me-non-serve-e-poi-non-ho-tempo.jpg\",\"width\":1000,\"height\":667},{\"@type\":\"BreadcrumbList\",\"@id\":\"https:\\\/\\\/blog.wildix.com\\\/es\\\/personal-branding-no-lo-necesito-y-no-tengo-tiempo\\\/#breadcrumb\",\"itemListElement\":[{\"@type\":\"ListItem\",\"position\":1,\"name\":\"Home\",\"item\":\"https:\\\/\\\/blog.wildix.com\\\/es\\\/\"},{\"@type\":\"ListItem\",\"position\":2,\"name\":\"Blog @es\",\"item\":\"https:\\\/\\\/blog.wildix.com\\\/es\\\/category\\\/blog-es\\\/\"},{\"@type\":\"ListItem\",\"position\":3,\"name\":\"\u00bfPersonal Branding? No lo necesito, y no tengo tiempo\"}]},{\"@type\":\"WebSite\",\"@id\":\"https:\\\/\\\/blog.wildix.com\\\/#website\",\"url\":\"https:\\\/\\\/blog.wildix.com\\\/\",\"name\":\"Wildix Blog\",\"description\":\"Desde el VoIP hasta las Comunicaciones Unificadas y WebRTC\",\"publisher\":{\"@id\":\"https:\\\/\\\/blog.wildix.com\\\/#organization\"},\"potentialAction\":[{\"@type\":\"SearchAction\",\"target\":{\"@type\":\"EntryPoint\",\"urlTemplate\":\"https:\\\/\\\/blog.wildix.com\\\/?s={search_term_string}\"},\"query-input\":{\"@type\":\"PropertyValueSpecification\",\"valueRequired\":true,\"valueName\":\"search_term_string\"}}],\"inLanguage\":\"es\"},{\"@type\":\"Organization\",\"@id\":\"https:\\\/\\\/blog.wildix.com\\\/#organization\",\"name\":\"Wildix\",\"url\":\"https:\\\/\\\/blog.wildix.com\\\/\",\"logo\":{\"@type\":\"ImageObject\",\"inLanguage\":\"es\",\"@id\":\"https:\\\/\\\/blog.wildix.com\\\/#\\\/schema\\\/logo\\\/image\\\/\",\"url\":\"https:\\\/\\\/blog.wildix.com\\\/wp-content\\\/uploads\\\/2015\\\/05\\\/LOGO-WILDIX-BLU-small-e1733323375170.jpg\",\"contentUrl\":\"https:\\\/\\\/blog.wildix.com\\\/wp-content\\\/uploads\\\/2015\\\/05\\\/LOGO-WILDIX-BLU-small-e1733323375170.jpg\",\"width\":473,\"height\":192,\"caption\":\"Wildix\"},\"image\":{\"@id\":\"https:\\\/\\\/blog.wildix.com\\\/#\\\/schema\\\/logo\\\/image\\\/\"},\"sameAs\":[\"https:\\\/\\\/www.facebook.com\\\/wildix.pbx\",\"https:\\\/\\\/x.com\\\/WildixSrl\",\"https:\\\/\\\/www.linkedin.com\\\/company\\\/wildix-srl\",\"https:\\\/\\\/www.youtube.com\\\/user\\\/WildixPBX\"]},{\"@type\":\"Person\",\"@id\":\"https:\\\/\\\/blog.wildix.com\\\/#\\\/schema\\\/person\\\/33bfb2fc3a73b6e9d42bd399cd1b3487\",\"name\":\"Giulia Perotta\",\"image\":{\"@type\":\"ImageObject\",\"inLanguage\":\"es\",\"@id\":\"https:\\\/\\\/secure.gravatar.com\\\/avatar\\\/eaf31a1921e765abe809563adf911dc2be01680006c620bb1939367128777b96?s=96&d=retro&r=g\",\"url\":\"https:\\\/\\\/secure.gravatar.com\\\/avatar\\\/eaf31a1921e765abe809563adf911dc2be01680006c620bb1939367128777b96?s=96&d=retro&r=g\",\"contentUrl\":\"https:\\\/\\\/secure.gravatar.com\\\/avatar\\\/eaf31a1921e765abe809563adf911dc2be01680006c620bb1939367128777b96?s=96&d=retro&r=g\",\"caption\":\"Giulia Perotta\"},\"url\":\"https:\\\/\\\/blog.wildix.com\\\/es\\\/author\\\/giulia-perotta\\\/\"}]}<\/script>\n<!-- \/ Yoast SEO plugin. -->","yoast_head_json":{"title":"\u00bfPersonal Branding? No lo necesito, y no tengo tiempo","description":"Porqu\u00e9 debes elaborar tu marca personal para administrar tu negocio.","robots":{"index":"index","follow":"follow","max-snippet":"max-snippet:-1","max-image-preview":"max-image-preview:large","max-video-preview":"max-video-preview:-1"},"canonical":"https:\/\/blog.wildix.com\/es\/personal-branding-no-lo-necesito-y-no-tengo-tiempo\/","og_locale":"es_ES","og_type":"article","og_title":"\u00bfPersonal Branding? No lo necesito, y no tengo tiempo","og_description":"Porqu\u00e9 debes elaborar tu marca personal para administrar tu negocio.","og_url":"https:\/\/blog.wildix.com\/es\/personal-branding-no-lo-necesito-y-no-tengo-tiempo\/","og_site_name":"Wildix Blog","article_publisher":"https:\/\/www.facebook.com\/wildix.pbx","article_published_time":"2019-10-01T12:53:37+00:00","article_modified_time":"2019-10-01T12:55:41+00:00","og_image":[{"width":1000,"height":667,"url":"https:\/\/blog.wildix.com\/wp-content\/uploads\/2019\/03\/personal-branding-a-me-non-serve-e-poi-non-ho-tempo.jpg","type":"image\/jpeg"}],"author":"Giulia Perotta","twitter_card":"summary_large_image","twitter_creator":"@WildixSrl","twitter_site":"@WildixSrl","twitter_misc":{"Escrito por":"Giulia Perotta","Tiempo de lectura":"4 minutos"},"schema":{"@context":"https:\/\/schema.org","@graph":[{"@type":["Article","BlogPosting"],"@id":"https:\/\/blog.wildix.com\/es\/personal-branding-no-lo-necesito-y-no-tengo-tiempo\/#article","isPartOf":{"@id":"https:\/\/blog.wildix.com\/es\/personal-branding-no-lo-necesito-y-no-tengo-tiempo\/"},"author":{"name":"Giulia Perotta","@id":"https:\/\/blog.wildix.com\/#\/schema\/person\/33bfb2fc3a73b6e9d42bd399cd1b3487"},"headline":"\u00bfPersonal Branding? No lo necesito, y no tengo tiempo","datePublished":"2019-10-01T12:53:37+00:00","dateModified":"2019-10-01T12:55:41+00:00","mainEntityOfPage":{"@id":"https:\/\/blog.wildix.com\/es\/personal-branding-no-lo-necesito-y-no-tengo-tiempo\/"},"wordCount":752,"commentCount":0,"publisher":{"@id":"https:\/\/blog.wildix.com\/#organization"},"image":{"@id":"https:\/\/blog.wildix.com\/es\/personal-branding-no-lo-necesito-y-no-tengo-tiempo\/#primaryimage"},"thumbnailUrl":"https:\/\/blog.wildix.com\/wp-content\/uploads\/2019\/03\/personal-branding-a-me-non-serve-e-poi-non-ho-tempo.jpg","articleSection":["Blog @es"],"inLanguage":"es","potentialAction":[{"@type":"CommentAction","name":"Comment","target":["https:\/\/blog.wildix.com\/es\/personal-branding-no-lo-necesito-y-no-tengo-tiempo\/#respond"]}]},{"@type":"WebPage","@id":"https:\/\/blog.wildix.com\/es\/personal-branding-no-lo-necesito-y-no-tengo-tiempo\/","url":"https:\/\/blog.wildix.com\/es\/personal-branding-no-lo-necesito-y-no-tengo-tiempo\/","name":"\u00bfPersonal Branding? No lo necesito, y no tengo tiempo","isPartOf":{"@id":"https:\/\/blog.wildix.com\/#website"},"primaryImageOfPage":{"@id":"https:\/\/blog.wildix.com\/es\/personal-branding-no-lo-necesito-y-no-tengo-tiempo\/#primaryimage"},"image":{"@id":"https:\/\/blog.wildix.com\/es\/personal-branding-no-lo-necesito-y-no-tengo-tiempo\/#primaryimage"},"thumbnailUrl":"https:\/\/blog.wildix.com\/wp-content\/uploads\/2019\/03\/personal-branding-a-me-non-serve-e-poi-non-ho-tempo.jpg","datePublished":"2019-10-01T12:53:37+00:00","dateModified":"2019-10-01T12:55:41+00:00","description":"Porqu\u00e9 debes elaborar tu marca personal para administrar tu negocio.","breadcrumb":{"@id":"https:\/\/blog.wildix.com\/es\/personal-branding-no-lo-necesito-y-no-tengo-tiempo\/#breadcrumb"},"inLanguage":"es","potentialAction":[{"@type":"ReadAction","target":["https:\/\/blog.wildix.com\/es\/personal-branding-no-lo-necesito-y-no-tengo-tiempo\/"]}]},{"@type":"ImageObject","inLanguage":"es","@id":"https:\/\/blog.wildix.com\/es\/personal-branding-no-lo-necesito-y-no-tengo-tiempo\/#primaryimage","url":"https:\/\/blog.wildix.com\/wp-content\/uploads\/2019\/03\/personal-branding-a-me-non-serve-e-poi-non-ho-tempo.jpg","contentUrl":"https:\/\/blog.wildix.com\/wp-content\/uploads\/2019\/03\/personal-branding-a-me-non-serve-e-poi-non-ho-tempo.jpg","width":1000,"height":667},{"@type":"BreadcrumbList","@id":"https:\/\/blog.wildix.com\/es\/personal-branding-no-lo-necesito-y-no-tengo-tiempo\/#breadcrumb","itemListElement":[{"@type":"ListItem","position":1,"name":"Home","item":"https:\/\/blog.wildix.com\/es\/"},{"@type":"ListItem","position":2,"name":"Blog @es","item":"https:\/\/blog.wildix.com\/es\/category\/blog-es\/"},{"@type":"ListItem","position":3,"name":"\u00bfPersonal Branding? No lo necesito, y no tengo tiempo"}]},{"@type":"WebSite","@id":"https:\/\/blog.wildix.com\/#website","url":"https:\/\/blog.wildix.com\/","name":"Wildix Blog","description":"Desde el VoIP hasta las Comunicaciones Unificadas y WebRTC","publisher":{"@id":"https:\/\/blog.wildix.com\/#organization"},"potentialAction":[{"@type":"SearchAction","target":{"@type":"EntryPoint","urlTemplate":"https:\/\/blog.wildix.com\/?s={search_term_string}"},"query-input":{"@type":"PropertyValueSpecification","valueRequired":true,"valueName":"search_term_string"}}],"inLanguage":"es"},{"@type":"Organization","@id":"https:\/\/blog.wildix.com\/#organization","name":"Wildix","url":"https:\/\/blog.wildix.com\/","logo":{"@type":"ImageObject","inLanguage":"es","@id":"https:\/\/blog.wildix.com\/#\/schema\/logo\/image\/","url":"https:\/\/blog.wildix.com\/wp-content\/uploads\/2015\/05\/LOGO-WILDIX-BLU-small-e1733323375170.jpg","contentUrl":"https:\/\/blog.wildix.com\/wp-content\/uploads\/2015\/05\/LOGO-WILDIX-BLU-small-e1733323375170.jpg","width":473,"height":192,"caption":"Wildix"},"image":{"@id":"https:\/\/blog.wildix.com\/#\/schema\/logo\/image\/"},"sameAs":["https:\/\/www.facebook.com\/wildix.pbx","https:\/\/x.com\/WildixSrl","https:\/\/www.linkedin.com\/company\/wildix-srl","https:\/\/www.youtube.com\/user\/WildixPBX"]},{"@type":"Person","@id":"https:\/\/blog.wildix.com\/#\/schema\/person\/33bfb2fc3a73b6e9d42bd399cd1b3487","name":"Giulia Perotta","image":{"@type":"ImageObject","inLanguage":"es","@id":"https:\/\/secure.gravatar.com\/avatar\/eaf31a1921e765abe809563adf911dc2be01680006c620bb1939367128777b96?s=96&d=retro&r=g","url":"https:\/\/secure.gravatar.com\/avatar\/eaf31a1921e765abe809563adf911dc2be01680006c620bb1939367128777b96?s=96&d=retro&r=g","contentUrl":"https:\/\/secure.gravatar.com\/avatar\/eaf31a1921e765abe809563adf911dc2be01680006c620bb1939367128777b96?s=96&d=retro&r=g","caption":"Giulia Perotta"},"url":"https:\/\/blog.wildix.com\/es\/author\/giulia-perotta\/"}]}},"_links":{"self":[{"href":"https:\/\/blog.wildix.com\/es\/wp-json\/wp\/v2\/posts\/34049","targetHints":{"allow":["GET"]}}],"collection":[{"href":"https:\/\/blog.wildix.com\/es\/wp-json\/wp\/v2\/posts"}],"about":[{"href":"https:\/\/blog.wildix.com\/es\/wp-json\/wp\/v2\/types\/post"}],"author":[{"embeddable":true,"href":"https:\/\/blog.wildix.com\/es\/wp-json\/wp\/v2\/users\/546"}],"replies":[{"embeddable":true,"href":"https:\/\/blog.wildix.com\/es\/wp-json\/wp\/v2\/comments?post=34049"}],"version-history":[{"count":0,"href":"https:\/\/blog.wildix.com\/es\/wp-json\/wp\/v2\/posts\/34049\/revisions"}],"wp:featuredmedia":[{"embeddable":true,"href":"https:\/\/blog.wildix.com\/es\/wp-json\/wp\/v2\/media\/24897"}],"wp:attachment":[{"href":"https:\/\/blog.wildix.com\/es\/wp-json\/wp\/v2\/media?parent=34049"}],"wp:term":[{"taxonomy":"category","embeddable":true,"href":"https:\/\/blog.wildix.com\/es\/wp-json\/wp\/v2\/categories?post=34049"},{"taxonomy":"post_tag","embeddable":true,"href":"https:\/\/blog.wildix.com\/es\/wp-json\/wp\/v2\/tags?post=34049"}],"curies":[{"name":"wp","href":"https:\/\/api.w.org\/{rel}","templated":true}]}}