{"id":37838,"date":"2019-12-14T11:33:42","date_gmt":"2019-12-14T10:33:42","guid":{"rendered":"https:\/\/blog.wildix.com\/?p=37838"},"modified":"2020-01-17T14:48:59","modified_gmt":"2020-01-17T13:48:59","slug":"guia-de-viaje-ucc-summit-barcelona","status":"publish","type":"post","link":"https:\/\/blog.wildix.com\/es\/guia-de-viaje-ucc-summit-barcelona\/","title":{"rendered":"Gu\u00eda de viaje UCC Summit &#8211; Barcelona"},"content":{"rendered":"<div class=\"wpb-content-wrapper\"><p>[vc_row][vc_column][vc_single_image image=\u00bb37847&#8243; img_size=\u00bbfull\u00bb alignment=\u00bbcenter\u00bb][vc_column_text]Con el UCC Summit a la vuelta de la esquina, hemos pensado mucho sobre Barcelona, o tambi\u00e9n conocida como la Ciudad Condal. La capital cosmopolita de la regi\u00f3n de Catalu\u00f1a en Espa\u00f1a, conocida por su arte y arquitectura, donde los Partners Wildix de toda Europa se congregar\u00e1n para el estreno del evento del a\u00f1o, el <a href=\"https:\/\/www.uc-summit.com\/ucc-summit-2020-registration\/\" target=\"_blank\" rel=\"noopener\">UCC Summit.<\/a><\/p>\n<p>Si ya est\u00e1s planeando tu viaje y tienes dudas sobre qu\u00e9 hacer durante tu tiempo libre, o si vas a aprovechar para cogerte unos d\u00edas de vacaciones, aqu\u00ed tienes una gu\u00eda muy \u00fatil sobre lugares y experiencias que podr\u00e1s disfrutar durante tu visita en Barcelona.<\/p>\n<p><b>\u00bfPor d\u00f3nde empezar?<\/b><!--more--><\/p>\n<h2><a href=\"https:\/\/www.fcbarcelona.com\/en\/club\/facilities\/camp-nou\" target=\"_blank\" rel=\"noopener\">Camp Nou<\/a><\/h2>\n<p>[\/vc_column_text][vc_single_image image=\u00bb37850&#8243; img_size=\u00bbfull\u00bb alignment=\u00bbcenter\u00bb][vc_column_text]No podemos empezar esta gu\u00eda sin recomendarte visitar uno de los estadios de f\u00fatbol m\u00e1s conocidos a nivel mundial. El Camp Nou es el estadio del FC Barcelona y que acoge los partidos de f\u00fatbol del primer equipo del club.<\/p>\n<p>Podr\u00e1s vivir en primera persona tanto el estadio de f\u00fatbol como el museo, el m\u00e1s visitado de Europa. Tambi\u00e9n tendr\u00e1s la ocasi\u00f3n de ver el espacio dedicado a los jugadores junto con los distintos trofeos del club.<\/p>\n<p>Puedes reservar tu visita tanto en puerta como a trav\u00e9s de la p\u00e1gina oficial del Camp Nou, aunque tambi\u00e9n tienes la opci\u00f3n de ver el estadio por fuera en caso de que vayas con el tiempo justo.<\/p>\n<p><b>Obras de Antonio Gaud\u00ed que no te puedes perder<\/b><\/p>\n<h2><a href=\"https:\/\/sagradafamilia.org\/\" target=\"_blank\" rel=\"noopener\">La Sagrada Familia<\/a><\/h2>\n<p>[\/vc_column_text][vc_single_image image=\u00bb37886&#8243; img_size=\u00bbfull\u00bb alignment=\u00bbcenter\u00bb][vc_column_text]La Sagrada familia es la bas\u00edlica cat\u00f3lica de Barcelona que comenz\u00f3 a construirse en 1882 dise\u00f1ada por Gaud\u00ed y que a d\u00eda de hoy sigue en construcci\u00f3n.<\/p>\n<p>Este monumento es la obra maestra del arquitecto y el m\u00e1ximo exponente de la arquitectura modernista catalana. Otro dato de inter\u00e9s y motivo para visitar este monumento es que ha sido recientemente nombrada \u201cPatrimonio de la Humanidad\u201d por la UNESCO.<\/p>\n<p>Al tratarse de un atractivo tur\u00edstico, te recomendamos que reserves la visita a La Sagrada Familia con antelaci\u00f3n ya que las visitas est\u00e1n limitadas por d\u00eda y hora.<\/p>\n<p>Tambi\u00e9n tienes la opci\u00f3n que contratar a un gu\u00eda tur\u00edstico externo que te har\u00e1 una visita tanto por fuera como por dentro de la bas\u00edlica, en tu idioma. Y si nuestro Summit te quita mucho tiempo, siempre tienes la oportunidad de dar un paseo por la noche y verla iluminada, \u00a1es espectacular!<\/p>\n<p>Nuestra recomendaci\u00f3n: no te pierdas esta parada casi obligatoria.<\/p>\n<h2><a href=\"https:\/\/www.lapedrera.com\/es\" target=\"_blank\" rel=\"noopener\">La Pedrera-Casa Mil\u00e0<\/a><\/h2>\n<p>[\/vc_column_text][vc_single_image image=\u00bb37889&#8243; img_size=\u00bbfull\u00bb alignment=\u00bbcenter\u00bb][vc_column_text]La Pedrera es otra de las obras de arte de Gaud\u00ed, un edificio modernista construido a principios del siglo XX ubicado en una de las avenidas principales de Barcelona Paseo de Gracia.<\/p>\n<p>Este edificio es uno de los 10 lugares m\u00e1s visitados de toda Barcelona cuya arquitectura se inspira en las formas org\u00e1nicas de la naturaleza utilizando nuevas soluciones estructurales de la geometr\u00eda reglada.<\/p>\n<p>Tambi\u00e9n podr\u00e1s aprovechar para conocer el Paseo de Gracia que cuenta con varias zonas comerciales y un gran escaparate de destacadas obras de arquitectura modernista conectando con la famosa Plaza de Catalu\u00f1a y la Calle Mayor de Gracia.<\/p>\n<h2><a href=\"https:\/\/www.casabatllo.es\/\" target=\"_blank\" rel=\"noopener\">La Casa Batll\u00f3<\/a><\/h2>\n<p>[\/vc_column_text][vc_single_image image=\u00bb37895&#8243; img_size=\u00bbfull\u00bb alignment=\u00bbcenter\u00bb][vc_column_text]Situada a escasos metros de la Pedrera (ya mencionada anteriormente) y en la misma avenida de Paseo de Gracia, te encontrar\u00e1s con la Casa Batll\u00f3. Si pasas por esta avenida, \u00a1no tendr\u00e1s excusa para visitar estas dos obras de arte de Gaud\u00ed!<\/p>\n<p>La Casa Batll\u00f3 es otra de la sobras de Gaud\u00ed\u00a0 considerada m\u00e1ximo representante del modernismo Catal\u00e1n, la remodelaci\u00f3n de un edificio que pertenece a la etapa naturalista del arquitecto que consisti\u00f3 en cambiar por completo la fachada, redistribuci\u00f3n de la divisi\u00f3n interna del edificio convirti\u00e9ndola en una verdadera obra de arte.<\/p>\n<p><b>Un paseo por el centro de la ciudad<\/b><\/p>\n<p>Si a\u00fan te encuentras con fuerzas y ganas de seguir conociendo Barcelona, no te puedes perder este paseo por el centro o coraz\u00f3n de Barcelona:<\/p>\n<h2><a href=\"https:\/\/www.google.com\/maps\/place\/Gothic+Quarter,+Barcelona\/@41.3813506,2.1688177,15z\/data=!3m1!4b1!4m5!3m4!1s0x12a4a2f8901e0681:0xb7e57ec538cda7af!8m2!3d41.3819055!4d2.178185\" target=\"_blank\" rel=\"noopener\">El Barrio G\u00f3tico<\/a><\/h2>\n<p>[\/vc_column_text][vc_single_image image=\u00bb37898&#8243; img_size=\u00bbfull\u00bb alignment=\u00bbcenter\u00bb][vc_column_text]El Barrio G\u00f3tico es el n\u00facleo m\u00e1s antiguo y con m\u00e1s encanto de Barcelona gracias a sus estrechas calles de estilo medieval y comercios artesanales, restaurantes catalanes y bares de moda. Caminando por sus calles te encontrar\u00e1s con trozos de la primera muralla construida y con la Catedral de Barcelona, una parada imprescindible.<\/p>\n<p>Y si tienes pensado quedarte el fin de semana y adem\u00e1s hacer una parada por el Barrio G\u00f3tico, no te olvides que en la plaza de Pi donde te encontrar\u00e1s con un mercado de arte.<\/p>\n<h2><a href=\"https:\/\/www.google.com\/maps?q=el+born&amp;um=1&amp;ie=UTF-8&amp;sa=X&amp;ved=2ahUKEwim0_iv_ILnAhUYilwKHdpeCC4Q_AUoAXoECBUQAw\" target=\"_blank\" rel=\"noopener\">El Born<\/a><\/h2>\n<p>[\/vc_column_text][vc_single_image image=\u00bb37901&#8243; img_size=\u00bbfull\u00bb alignment=\u00bbcenter\u00bb][vc_column_text]El Born es un barrio, tambi\u00e9n de estilo medieval, que conecta Via Laietana con La Barceloneta. Este recorrido podr\u00e1s comenzarlo desde la Iglesia de Sant Pere, pasando por el Palau de la M\u00fasica, un ejemplo del modernismo catal\u00e1n, hasta llegar a una de las iglesias m\u00e1s bonitas y con mayor historia de Barcelona, la Iglesia de Santa Mar\u00eda del Mar de estilo g\u00f3tico catal\u00e1n del siglo XVI que fue construida gracias a las donaciones de las personas que se dedicaban al mar en aquella \u00e9poca.<\/p>\n<p>Tambi\u00e9n puedes aprovechar el paseo para visitar el <a href=\"http:\/\/www.museupicasso.bcn.cat\/\" target=\"_blank\" rel=\"noopener\">Museo Picasso<\/a>, que posee m\u00e1s de 4000 obras del pintor y que ha sido declarado museo de inter\u00e9s nacional.<\/p>\n<h2><a href=\"http:\/\/www.boqueria.barcelona\/\" target=\"_blank\" rel=\"noopener\">El Mercado de la Boquer\u00eda<\/a><\/h2>\n<p>[\/vc_column_text][vc_single_image image=\u00bb37904&#8243; img_size=\u00bbfull\u00bb alignment=\u00bbcenter\u00bb][vc_column_text]Para terminar, durante el paseo por la famosa Rambla de Barcelona, una parada que no puede faltar durante tu escapada a Barcelona es el Mercado de la Boquer\u00eda, aqu\u00ed encontrar\u00e1s todo tipo de productos locales, frescos y de temporada.<\/p>\n<p>Este mercado est\u00e1 al aire libre y fue inaugurado en 1840. Aqu\u00ed podr\u00e1s pasear entre m\u00e1s de 300 distintos puestos de comida y restaurantes mientras disfrutas de un clima c\u00e1lido y agradable.<\/p>\n<p>Si aun no te has registrado al UCC Summit, <a href=\"https:\/\/www.uc-summit.com\/\" target=\"_blank\" rel=\"noopener\">\u00a1inscr\u00edbete ahora!<\/a> Y no olvides echar un vistazo a la <a href=\"https:\/\/www.uc-summit.com\/#agenda\" target=\"_blank\" rel=\"noopener\">agenda <\/a>para que puedas planear tu visita con tiempo.<\/p>\n<p>[\/vc_column_text][\/vc_column][\/vc_row]<\/p>\n<\/div>","protected":false},"excerpt":{"rendered":"<p>[vc_row][vc_column][vc_single_image image=\u00bb37847&#8243; img_size=\u00bbfull\u00bb alignment=\u00bbcenter\u00bb][vc_column_text]Con el UCC Summit a la vuelta de la esquina, hemos pensado mucho sobre Barcelona, o tambi\u00e9n conocida como la Ciudad Condal. La capital cosmopolita de la regi\u00f3n de Catalu\u00f1a en Espa\u00f1a, conocida por su arte y arquitectura, donde los Partners Wildix de toda Europa se congregar\u00e1n para el estreno del evento &hellip; <\/p>\n<p class=\"link-more\"><a href=\"https:\/\/blog.wildix.com\/es\/guia-de-viaje-ucc-summit-barcelona\/\" class=\"more-link\">Continuar leyendo<span class=\"screen-reader-text\"> \u00abGu\u00eda de viaje UCC Summit &#8211; Barcelona\u00bb<\/span><\/a><\/p>\n","protected":false},"author":575,"featured_media":37847,"comment_status":"closed","ping_status":"closed","sticky":false,"template":"","format":"standard","meta":{"_acf_changed":false,"footnotes":""},"categories":[732],"tags":[],"class_list":["post-37838","post","type-post","status-publish","format-standard","has-post-thumbnail","hentry","category-blog-es"],"acf":[],"yoast_head":"<!-- This site is optimized with the Yoast SEO plugin v27.4 - https:\/\/yoast.com\/product\/yoast-seo-wordpress\/ -->\n<title>Gu\u00eda de viaje UCC Summit - Barcelona - Wildix Blog<\/title>\n<meta name=\"description\" content=\"La capital cosmopolita de la regi\u00f3n de Catalu\u00f1a en Espa\u00f1a, conocida por su arte y arquitectura, donde los Partners Wildix de toda Europa se congregar\u00e1n para el estreno del evento del a\u00f1o, el UCC Summit.\" \/>\n<meta name=\"robots\" content=\"index, follow, max-snippet:-1, max-image-preview:large, max-video-preview:-1\" \/>\n<link rel=\"canonical\" href=\"https:\/\/blog.wildix.com\/es\/guia-de-viaje-ucc-summit-barcelona\/\" \/>\n<meta property=\"og:locale\" content=\"es_ES\" \/>\n<meta property=\"og:type\" content=\"article\" \/>\n<meta property=\"og:title\" content=\"Gu\u00eda de viaje UCC Summit - Barcelona - Wildix Blog\" \/>\n<meta property=\"og:description\" content=\"La capital cosmopolita de la regi\u00f3n de Catalu\u00f1a en Espa\u00f1a, conocida por su arte y arquitectura, donde los Partners Wildix de toda Europa se congregar\u00e1n para el estreno del evento del a\u00f1o, el UCC Summit.\" \/>\n<meta property=\"og:url\" content=\"https:\/\/blog.wildix.com\/es\/guia-de-viaje-ucc-summit-barcelona\/\" \/>\n<meta property=\"og:site_name\" content=\"Wildix Blog\" \/>\n<meta property=\"article:publisher\" content=\"https:\/\/www.facebook.com\/wildix.pbx\" \/>\n<meta property=\"article:published_time\" content=\"2019-12-14T10:33:42+00:00\" \/>\n<meta property=\"article:modified_time\" content=\"2020-01-17T13:48:59+00:00\" \/>\n<meta property=\"og:image\" content=\"https:\/\/blog.wildix.com\/wp-content\/uploads\/2020\/01\/Guia-de-viaje-UCC-Summit-Barcelona.jpg\" \/>\n<meta name=\"author\" content=\"Julia Cabrero\" \/>\n<meta name=\"twitter:card\" content=\"summary_large_image\" \/>\n<meta name=\"twitter:creator\" content=\"@WildixSrl\" \/>\n<meta name=\"twitter:site\" content=\"@WildixSrl\" \/>\n<meta name=\"twitter:label1\" content=\"Escrito por\" \/>\n\t<meta name=\"twitter:data1\" content=\"Julia Cabrero\" \/>\n\t<meta name=\"twitter:label2\" content=\"Tiempo de lectura\" \/>\n\t<meta name=\"twitter:data2\" content=\"6 minutos\" \/>\n<script type=\"application\/ld+json\" class=\"yoast-schema-graph\">{\"@context\":\"https:\\\/\\\/schema.org\",\"@graph\":[{\"@type\":[\"Article\",\"BlogPosting\"],\"@id\":\"https:\\\/\\\/blog.wildix.com\\\/es\\\/guia-de-viaje-ucc-summit-barcelona\\\/#article\",\"isPartOf\":{\"@id\":\"https:\\\/\\\/blog.wildix.com\\\/es\\\/guia-de-viaje-ucc-summit-barcelona\\\/\"},\"author\":{\"name\":\"Julia Cabrero\",\"@id\":\"https:\\\/\\\/blog.wildix.com\\\/#\\\/schema\\\/person\\\/cfd750d6ce48345fa814590e4d496a8c\"},\"headline\":\"Gu\u00eda de viaje UCC Summit &#8211; Barcelona\",\"datePublished\":\"2019-12-14T10:33:42+00:00\",\"dateModified\":\"2020-01-17T13:48:59+00:00\",\"mainEntityOfPage\":{\"@id\":\"https:\\\/\\\/blog.wildix.com\\\/es\\\/guia-de-viaje-ucc-summit-barcelona\\\/\"},\"wordCount\":1148,\"publisher\":{\"@id\":\"https:\\\/\\\/blog.wildix.com\\\/#organization\"},\"image\":{\"@id\":\"https:\\\/\\\/blog.wildix.com\\\/es\\\/guia-de-viaje-ucc-summit-barcelona\\\/#primaryimage\"},\"thumbnailUrl\":\"https:\\\/\\\/blog.wildix.com\\\/wp-content\\\/uploads\\\/2020\\\/01\\\/Guia-de-viaje-UCC-Summit-Barcelona.jpg\",\"articleSection\":[\"Blog @es\"],\"inLanguage\":\"es\"},{\"@type\":\"WebPage\",\"@id\":\"https:\\\/\\\/blog.wildix.com\\\/es\\\/guia-de-viaje-ucc-summit-barcelona\\\/\",\"url\":\"https:\\\/\\\/blog.wildix.com\\\/es\\\/guia-de-viaje-ucc-summit-barcelona\\\/\",\"name\":\"Gu\u00eda de viaje UCC Summit - Barcelona - Wildix Blog\",\"isPartOf\":{\"@id\":\"https:\\\/\\\/blog.wildix.com\\\/#website\"},\"primaryImageOfPage\":{\"@id\":\"https:\\\/\\\/blog.wildix.com\\\/es\\\/guia-de-viaje-ucc-summit-barcelona\\\/#primaryimage\"},\"image\":{\"@id\":\"https:\\\/\\\/blog.wildix.com\\\/es\\\/guia-de-viaje-ucc-summit-barcelona\\\/#primaryimage\"},\"thumbnailUrl\":\"https:\\\/\\\/blog.wildix.com\\\/wp-content\\\/uploads\\\/2020\\\/01\\\/Guia-de-viaje-UCC-Summit-Barcelona.jpg\",\"datePublished\":\"2019-12-14T10:33:42+00:00\",\"dateModified\":\"2020-01-17T13:48:59+00:00\",\"description\":\"La capital cosmopolita de la regi\u00f3n de Catalu\u00f1a en Espa\u00f1a, conocida por su arte y arquitectura, donde los Partners Wildix de toda Europa se congregar\u00e1n para el estreno del evento del a\u00f1o, el UCC Summit.\",\"breadcrumb\":{\"@id\":\"https:\\\/\\\/blog.wildix.com\\\/es\\\/guia-de-viaje-ucc-summit-barcelona\\\/#breadcrumb\"},\"inLanguage\":\"es\",\"potentialAction\":[{\"@type\":\"ReadAction\",\"target\":[\"https:\\\/\\\/blog.wildix.com\\\/es\\\/guia-de-viaje-ucc-summit-barcelona\\\/\"]}]},{\"@type\":\"ImageObject\",\"inLanguage\":\"es\",\"@id\":\"https:\\\/\\\/blog.wildix.com\\\/es\\\/guia-de-viaje-ucc-summit-barcelona\\\/#primaryimage\",\"url\":\"https:\\\/\\\/blog.wildix.com\\\/wp-content\\\/uploads\\\/2020\\\/01\\\/Guia-de-viaje-UCC-Summit-Barcelona.jpg\",\"contentUrl\":\"https:\\\/\\\/blog.wildix.com\\\/wp-content\\\/uploads\\\/2020\\\/01\\\/Guia-de-viaje-UCC-Summit-Barcelona.jpg\",\"width\":1200,\"height\":800},{\"@type\":\"BreadcrumbList\",\"@id\":\"https:\\\/\\\/blog.wildix.com\\\/es\\\/guia-de-viaje-ucc-summit-barcelona\\\/#breadcrumb\",\"itemListElement\":[{\"@type\":\"ListItem\",\"position\":1,\"name\":\"Home\",\"item\":\"https:\\\/\\\/blog.wildix.com\\\/es\\\/\"},{\"@type\":\"ListItem\",\"position\":2,\"name\":\"Blog @es\",\"item\":\"https:\\\/\\\/blog.wildix.com\\\/es\\\/category\\\/blog-es\\\/\"},{\"@type\":\"ListItem\",\"position\":3,\"name\":\"Gu\u00eda de viaje UCC Summit &#8211; Barcelona\"}]},{\"@type\":\"WebSite\",\"@id\":\"https:\\\/\\\/blog.wildix.com\\\/#website\",\"url\":\"https:\\\/\\\/blog.wildix.com\\\/\",\"name\":\"Wildix Blog\",\"description\":\"Desde el VoIP hasta las Comunicaciones Unificadas y WebRTC\",\"publisher\":{\"@id\":\"https:\\\/\\\/blog.wildix.com\\\/#organization\"},\"potentialAction\":[{\"@type\":\"SearchAction\",\"target\":{\"@type\":\"EntryPoint\",\"urlTemplate\":\"https:\\\/\\\/blog.wildix.com\\\/?s={search_term_string}\"},\"query-input\":{\"@type\":\"PropertyValueSpecification\",\"valueRequired\":true,\"valueName\":\"search_term_string\"}}],\"inLanguage\":\"es\"},{\"@type\":\"Organization\",\"@id\":\"https:\\\/\\\/blog.wildix.com\\\/#organization\",\"name\":\"Wildix\",\"url\":\"https:\\\/\\\/blog.wildix.com\\\/\",\"logo\":{\"@type\":\"ImageObject\",\"inLanguage\":\"es\",\"@id\":\"https:\\\/\\\/blog.wildix.com\\\/#\\\/schema\\\/logo\\\/image\\\/\",\"url\":\"https:\\\/\\\/blog.wildix.com\\\/wp-content\\\/uploads\\\/2015\\\/05\\\/LOGO-WILDIX-BLU-small-e1733323375170.jpg\",\"contentUrl\":\"https:\\\/\\\/blog.wildix.com\\\/wp-content\\\/uploads\\\/2015\\\/05\\\/LOGO-WILDIX-BLU-small-e1733323375170.jpg\",\"width\":473,\"height\":192,\"caption\":\"Wildix\"},\"image\":{\"@id\":\"https:\\\/\\\/blog.wildix.com\\\/#\\\/schema\\\/logo\\\/image\\\/\"},\"sameAs\":[\"https:\\\/\\\/www.facebook.com\\\/wildix.pbx\",\"https:\\\/\\\/x.com\\\/WildixSrl\",\"https:\\\/\\\/www.linkedin.com\\\/company\\\/wildix-srl\",\"https:\\\/\\\/www.youtube.com\\\/user\\\/WildixPBX\"]},{\"@type\":\"Person\",\"@id\":\"https:\\\/\\\/blog.wildix.com\\\/#\\\/schema\\\/person\\\/cfd750d6ce48345fa814590e4d496a8c\",\"name\":\"Julia Cabrero\",\"image\":{\"@type\":\"ImageObject\",\"inLanguage\":\"es\",\"@id\":\"https:\\\/\\\/secure.gravatar.com\\\/avatar\\\/de83a651961776c73e6d5a9a9c8b5c7cd8d8aae3dec3138ddd53eb9daf8311aa?s=96&d=retro&r=g\",\"url\":\"https:\\\/\\\/secure.gravatar.com\\\/avatar\\\/de83a651961776c73e6d5a9a9c8b5c7cd8d8aae3dec3138ddd53eb9daf8311aa?s=96&d=retro&r=g\",\"contentUrl\":\"https:\\\/\\\/secure.gravatar.com\\\/avatar\\\/de83a651961776c73e6d5a9a9c8b5c7cd8d8aae3dec3138ddd53eb9daf8311aa?s=96&d=retro&r=g\",\"caption\":\"Julia Cabrero\"},\"url\":\"https:\\\/\\\/blog.wildix.com\\\/es\\\/author\\\/julia-cabrero\\\/\"}]}<\/script>\n<!-- \/ Yoast SEO plugin. -->","yoast_head_json":{"title":"Gu\u00eda de viaje UCC Summit - Barcelona - Wildix Blog","description":"La capital cosmopolita de la regi\u00f3n de Catalu\u00f1a en Espa\u00f1a, conocida por su arte y arquitectura, donde los Partners Wildix de toda Europa se congregar\u00e1n para el estreno del evento del a\u00f1o, el UCC Summit.","robots":{"index":"index","follow":"follow","max-snippet":"max-snippet:-1","max-image-preview":"max-image-preview:large","max-video-preview":"max-video-preview:-1"},"canonical":"https:\/\/blog.wildix.com\/es\/guia-de-viaje-ucc-summit-barcelona\/","og_locale":"es_ES","og_type":"article","og_title":"Gu\u00eda de viaje UCC Summit - Barcelona - Wildix Blog","og_description":"La capital cosmopolita de la regi\u00f3n de Catalu\u00f1a en Espa\u00f1a, conocida por su arte y arquitectura, donde los Partners Wildix de toda Europa se congregar\u00e1n para el estreno del evento del a\u00f1o, el UCC Summit.","og_url":"https:\/\/blog.wildix.com\/es\/guia-de-viaje-ucc-summit-barcelona\/","og_site_name":"Wildix Blog","article_publisher":"https:\/\/www.facebook.com\/wildix.pbx","article_published_time":"2019-12-14T10:33:42+00:00","article_modified_time":"2020-01-17T13:48:59+00:00","og_image":[{"url":"https:\/\/blog.wildix.com\/wp-content\/uploads\/2020\/01\/Guia-de-viaje-UCC-Summit-Barcelona.jpg","type":"","width":"","height":""}],"author":"Julia Cabrero","twitter_card":"summary_large_image","twitter_creator":"@WildixSrl","twitter_site":"@WildixSrl","twitter_misc":{"Escrito por":"Julia Cabrero","Tiempo de lectura":"6 minutos"},"schema":{"@context":"https:\/\/schema.org","@graph":[{"@type":["Article","BlogPosting"],"@id":"https:\/\/blog.wildix.com\/es\/guia-de-viaje-ucc-summit-barcelona\/#article","isPartOf":{"@id":"https:\/\/blog.wildix.com\/es\/guia-de-viaje-ucc-summit-barcelona\/"},"author":{"name":"Julia Cabrero","@id":"https:\/\/blog.wildix.com\/#\/schema\/person\/cfd750d6ce48345fa814590e4d496a8c"},"headline":"Gu\u00eda de viaje UCC Summit &#8211; Barcelona","datePublished":"2019-12-14T10:33:42+00:00","dateModified":"2020-01-17T13:48:59+00:00","mainEntityOfPage":{"@id":"https:\/\/blog.wildix.com\/es\/guia-de-viaje-ucc-summit-barcelona\/"},"wordCount":1148,"publisher":{"@id":"https:\/\/blog.wildix.com\/#organization"},"image":{"@id":"https:\/\/blog.wildix.com\/es\/guia-de-viaje-ucc-summit-barcelona\/#primaryimage"},"thumbnailUrl":"https:\/\/blog.wildix.com\/wp-content\/uploads\/2020\/01\/Guia-de-viaje-UCC-Summit-Barcelona.jpg","articleSection":["Blog @es"],"inLanguage":"es"},{"@type":"WebPage","@id":"https:\/\/blog.wildix.com\/es\/guia-de-viaje-ucc-summit-barcelona\/","url":"https:\/\/blog.wildix.com\/es\/guia-de-viaje-ucc-summit-barcelona\/","name":"Gu\u00eda de viaje UCC Summit - Barcelona - Wildix Blog","isPartOf":{"@id":"https:\/\/blog.wildix.com\/#website"},"primaryImageOfPage":{"@id":"https:\/\/blog.wildix.com\/es\/guia-de-viaje-ucc-summit-barcelona\/#primaryimage"},"image":{"@id":"https:\/\/blog.wildix.com\/es\/guia-de-viaje-ucc-summit-barcelona\/#primaryimage"},"thumbnailUrl":"https:\/\/blog.wildix.com\/wp-content\/uploads\/2020\/01\/Guia-de-viaje-UCC-Summit-Barcelona.jpg","datePublished":"2019-12-14T10:33:42+00:00","dateModified":"2020-01-17T13:48:59+00:00","description":"La capital cosmopolita de la regi\u00f3n de Catalu\u00f1a en Espa\u00f1a, conocida por su arte y arquitectura, donde los Partners Wildix de toda Europa se congregar\u00e1n para el estreno del evento del a\u00f1o, el UCC Summit.","breadcrumb":{"@id":"https:\/\/blog.wildix.com\/es\/guia-de-viaje-ucc-summit-barcelona\/#breadcrumb"},"inLanguage":"es","potentialAction":[{"@type":"ReadAction","target":["https:\/\/blog.wildix.com\/es\/guia-de-viaje-ucc-summit-barcelona\/"]}]},{"@type":"ImageObject","inLanguage":"es","@id":"https:\/\/blog.wildix.com\/es\/guia-de-viaje-ucc-summit-barcelona\/#primaryimage","url":"https:\/\/blog.wildix.com\/wp-content\/uploads\/2020\/01\/Guia-de-viaje-UCC-Summit-Barcelona.jpg","contentUrl":"https:\/\/blog.wildix.com\/wp-content\/uploads\/2020\/01\/Guia-de-viaje-UCC-Summit-Barcelona.jpg","width":1200,"height":800},{"@type":"BreadcrumbList","@id":"https:\/\/blog.wildix.com\/es\/guia-de-viaje-ucc-summit-barcelona\/#breadcrumb","itemListElement":[{"@type":"ListItem","position":1,"name":"Home","item":"https:\/\/blog.wildix.com\/es\/"},{"@type":"ListItem","position":2,"name":"Blog @es","item":"https:\/\/blog.wildix.com\/es\/category\/blog-es\/"},{"@type":"ListItem","position":3,"name":"Gu\u00eda de viaje UCC Summit &#8211; Barcelona"}]},{"@type":"WebSite","@id":"https:\/\/blog.wildix.com\/#website","url":"https:\/\/blog.wildix.com\/","name":"Wildix Blog","description":"Desde el VoIP hasta las Comunicaciones Unificadas y WebRTC","publisher":{"@id":"https:\/\/blog.wildix.com\/#organization"},"potentialAction":[{"@type":"SearchAction","target":{"@type":"EntryPoint","urlTemplate":"https:\/\/blog.wildix.com\/?s={search_term_string}"},"query-input":{"@type":"PropertyValueSpecification","valueRequired":true,"valueName":"search_term_string"}}],"inLanguage":"es"},{"@type":"Organization","@id":"https:\/\/blog.wildix.com\/#organization","name":"Wildix","url":"https:\/\/blog.wildix.com\/","logo":{"@type":"ImageObject","inLanguage":"es","@id":"https:\/\/blog.wildix.com\/#\/schema\/logo\/image\/","url":"https:\/\/blog.wildix.com\/wp-content\/uploads\/2015\/05\/LOGO-WILDIX-BLU-small-e1733323375170.jpg","contentUrl":"https:\/\/blog.wildix.com\/wp-content\/uploads\/2015\/05\/LOGO-WILDIX-BLU-small-e1733323375170.jpg","width":473,"height":192,"caption":"Wildix"},"image":{"@id":"https:\/\/blog.wildix.com\/#\/schema\/logo\/image\/"},"sameAs":["https:\/\/www.facebook.com\/wildix.pbx","https:\/\/x.com\/WildixSrl","https:\/\/www.linkedin.com\/company\/wildix-srl","https:\/\/www.youtube.com\/user\/WildixPBX"]},{"@type":"Person","@id":"https:\/\/blog.wildix.com\/#\/schema\/person\/cfd750d6ce48345fa814590e4d496a8c","name":"Julia Cabrero","image":{"@type":"ImageObject","inLanguage":"es","@id":"https:\/\/secure.gravatar.com\/avatar\/de83a651961776c73e6d5a9a9c8b5c7cd8d8aae3dec3138ddd53eb9daf8311aa?s=96&d=retro&r=g","url":"https:\/\/secure.gravatar.com\/avatar\/de83a651961776c73e6d5a9a9c8b5c7cd8d8aae3dec3138ddd53eb9daf8311aa?s=96&d=retro&r=g","contentUrl":"https:\/\/secure.gravatar.com\/avatar\/de83a651961776c73e6d5a9a9c8b5c7cd8d8aae3dec3138ddd53eb9daf8311aa?s=96&d=retro&r=g","caption":"Julia Cabrero"},"url":"https:\/\/blog.wildix.com\/es\/author\/julia-cabrero\/"}]}},"_links":{"self":[{"href":"https:\/\/blog.wildix.com\/es\/wp-json\/wp\/v2\/posts\/37838","targetHints":{"allow":["GET"]}}],"collection":[{"href":"https:\/\/blog.wildix.com\/es\/wp-json\/wp\/v2\/posts"}],"about":[{"href":"https:\/\/blog.wildix.com\/es\/wp-json\/wp\/v2\/types\/post"}],"author":[{"embeddable":true,"href":"https:\/\/blog.wildix.com\/es\/wp-json\/wp\/v2\/users\/575"}],"replies":[{"embeddable":true,"href":"https:\/\/blog.wildix.com\/es\/wp-json\/wp\/v2\/comments?post=37838"}],"version-history":[{"count":0,"href":"https:\/\/blog.wildix.com\/es\/wp-json\/wp\/v2\/posts\/37838\/revisions"}],"wp:featuredmedia":[{"embeddable":true,"href":"https:\/\/blog.wildix.com\/es\/wp-json\/wp\/v2\/media\/37847"}],"wp:attachment":[{"href":"https:\/\/blog.wildix.com\/es\/wp-json\/wp\/v2\/media?parent=37838"}],"wp:term":[{"taxonomy":"category","embeddable":true,"href":"https:\/\/blog.wildix.com\/es\/wp-json\/wp\/v2\/categories?post=37838"},{"taxonomy":"post_tag","embeddable":true,"href":"https:\/\/blog.wildix.com\/es\/wp-json\/wp\/v2\/tags?post=37838"}],"curies":[{"name":"wp","href":"https:\/\/api.w.org\/{rel}","templated":true}]}}