{"id":89763,"date":"2023-06-26T06:06:35","date_gmt":"2023-06-26T04:06:35","guid":{"rendered":"https:\/\/blog.wildix.com\/?p=89763"},"modified":"2023-06-26T08:53:02","modified_gmt":"2023-06-26T06:53:02","slug":"teletravail-parents","status":"publish","type":"post","link":"https:\/\/blog.wildix.com\/fr\/teletravail-parents\/","title":{"rendered":"Le travail \u00e0 distance chez Wildix : Les parents disent tout !"},"content":{"rendered":"<div class=\"wpb-content-wrapper\"><p>[vc_row][vc_column][vc_single_image source=\u00a0\u00bbfeatured_image\u00a0\u00bb img_size=\u00a0\u00bbfull\u00a0\u00bb alignment=\u00a0\u00bbcenter\u00a0\u00bb][vc_column_text]Chez Wildix, nous sommes sp\u00e9cialis\u00e9s dans le t\u00e9l\u00e9travail, mais nous comptons \u00e9galement de nombreux parents (et futurs parents !) qui ont de jeunes enfants. Comment concilier les besoins de nos enfants, le t\u00e9l\u00e9travail et la planification et l&rsquo;organisation de nos activit\u00e9s ?<\/p>\n<p><!--more--><\/p>\n<p>C&rsquo;est difficile, mais nous avons demand\u00e9 \u00e0 certains de nos parents comment ils s&rsquo;en sortent !<\/p>\n<h2><strong>Organisation<\/strong><\/h2>\n<p>L&rsquo;organisation est essentielle pour la garde d&rsquo;enfants. Mais il faut aussi \u00eatre flexible (comme pour le t\u00e9l\u00e9travail !). Certains jours, votre enfant sera le meilleur et le plus adorable des c\u00e2lins de la plan\u00e8te&#8230; et d&rsquo;autres jours, il sera la chose la plus grincheuse qui ait jamais march\u00e9 sur terre.<\/p>\n<p>\u00ab\u00a0Lorsque mon enfant \u00e9tait plus jeune, je comptais beaucoup sur la sieste\u00a0\u00bb, explique Kat, qui fait partie de notre \u00e9quipe de r\u00e9dacteurs. \u00ab\u00a0Juste apr\u00e8s son r\u00e9veil, elle s\u2019occupait pendant quelques heures, et je pouvais alors facilement travailler \u00e0 la maison. Maintenant qu&rsquo;elle est un peu plus ind\u00e9pendante, c&rsquo;est un peu plus difficile. Pour moi, la flexibilit\u00e9 est essentielle : je peux m&rsquo;asseoir sur un lit et travailler sur mon ordinateur portable, car c&rsquo;est dans la m\u00eame pi\u00e8ce qu&rsquo;elle est la plus heureuse lorsqu&rsquo;elle joue de mani\u00e8re ind\u00e9pendante, ou je peux changer l&rsquo;heure de mon d\u00e9jeuner pour qu&rsquo;elle n&rsquo;ait pas \u00e0 demander \u00e0 manger pendant que je travaille\u00a0\u00bb.<\/p>\n<p>C&rsquo;est cette flexibilit\u00e9 que les responsables doivent encourager dans la mesure du possible &#8211; dans de nombreux cas, il n&rsquo;est pas n\u00e9cessaire d&rsquo;avoir des horaires fixes tant que le travail est accompli. Les r\u00e9unions peuvent parfois \u00eatre l\u00e9g\u00e8rement perturb\u00e9es par l&rsquo;apparition d&rsquo;une petite t\u00eate sur l&rsquo;\u00e9cran d&rsquo;un coll\u00e8gue, mais il est rarement essentiel de ne pas les avoir \u00e0 proximit\u00e9.<\/p>\n<p>La distraction est \u00e9galement importante. \u00ab\u00a0Une autre astuce que j&rsquo;ai apprise est que la plupart des cha\u00eenes de streaming, telles que Netflix ou Disney+, disposent d&rsquo;un support multilingue\u00a0\u00bb, explique Kat. \u00ab\u00a0Si vous voulez les encourager \u00e0 apprendre une nouvelle langue, il y a de nombreuses options pour avoir des m\u00e9dias dans cette langue. J&rsquo;ai \u00e9galement constat\u00e9 que cela les endort plus facilement\u00a0\u00bb.<\/p>\n<p>Graham Dixon, Responsable du support technique au Royaume-Uni, ajoute : \u00ab\u00a0Le travail \u00e0 distance ou hybride vous permet d&rsquo;\u00e9conomiser du temps de transport, de mieux g\u00e9rer les situations d&rsquo;urgence et de passer plus de temps avec vos enfants. Mais pour cela, vous devez \u00e9tablir des priorit\u00e9s et structurer votre travail de mani\u00e8re efficace. L&rsquo;objectif n&rsquo;est pas de travailler plus d&rsquo;heures, mais d&rsquo;accomplir plus de travail en moins de temps. J&rsquo;utilise des outils qui peuvent aider \u00e0 rationaliser les t\u00e2ches, comme Trello, Jira et x-bees, pour collaborer et travailler efficacement. Lorsque je dois travailler plus efficacement, j&rsquo;active la fonction DND sur mon t\u00e9l\u00e9phone portable et mon ordinateur pour supprimer toutes les notifications inutiles.<\/p>\n<p>Pour Graham, le temps pass\u00e9 en famille est essentiel : \u00ab\u00a0Lorsque je suis \u00e0 la maison, je m&rsquo;efforce d&rsquo;\u00eatre vraiment pr\u00e9sent avec ma famille. Cela ne signifie pas seulement \u00eatre dans la m\u00eame pi\u00e8ce que ma fille pendant que je consulte mes emails ou que je passe des appels. Cela signifie que je me concentre enti\u00e8rement sur eux et que j&rsquo;essaie de mettre de c\u00f4t\u00e9 mes pens\u00e9es et mes pr\u00e9occupations professionnelles (aussi difficile que cela puisse \u00eatre). C&rsquo;est non seulement bon pour ma famille, mais c&rsquo;est aussi un \u00e9l\u00e9ment essentiel de l&rsquo;auto-organisation, qui aide \u00e0 \u00e9tablir une v\u00e9ritable s\u00e9paration entre la vie professionnelle et la vie priv\u00e9e et \u00e0 r\u00e9duire l&rsquo;\u00e9puisement professionnel\u00a0\u00bb.<\/p>\n<h2><strong>Support additionnel<\/strong><\/h2>\n<p>Beaucoup s&rsquo;accordent \u00e0 dire que la cr\u00e8che est tr\u00e8s importante pour de nombreux jeunes enfants et leurs parents, en particulier dans les r\u00e9gions o\u00f9 l&rsquo;\u00e9loignement des familles \u00e9largies est tr\u00e8s fr\u00e9quent. Environ 83,4 % des enfants \u00e2g\u00e9s de 3 ans \u00e0 l&rsquo;\u00e2ge de la scolarit\u00e9 obligatoire dans l&rsquo;UE b\u00e9n\u00e9ficient d&rsquo;un mode de garde formel, mais ce chiffre tombe \u00e0 64,7 % aux \u00c9tats-Unis. La situation varie consid\u00e9rablement d&rsquo;un pays \u00e0 l&rsquo;autre : en Roumanie, seul un faible pourcentage d&rsquo;enfants fr\u00e9quente une cr\u00e8che, tandis qu&rsquo;aux Pays-Bas, la quasi-totalit\u00e9 des enfants fr\u00e9quentent une structure d&rsquo;accueil pr\u00e9scolaire.<\/p>\n<p>\u00ab\u00a0L&rsquo;un des plus grands avantages pour moi\u00a0\u00bb, d\u00e9clare Santhia, notre assistante marketing au Royaume-Uni, \u00ab\u00a0c&rsquo;est d&rsquo;avoir des journ\u00e9es de cr\u00e8che r\u00e9guli\u00e8res. Je sais que ce n&rsquo;est pas pour tout le monde, principalement en raison du co\u00fbt ou de la disponibilit\u00e9 locale, mais cela donne aux enfants une structure et les aide \u00e0 se socialiser. C&rsquo;est une chance pour l&rsquo;interactivit\u00e9, et cela signifie que vous pouvez avoir plusieurs jours o\u00f9 vous pouvez simplement vous concentrer sur les questions professionnelles\u00a0\u00bb.<\/p>\n<p>\u00ab\u00a0Pour moi\u00a0\u00bb, poursuit Santhia, \u00ab\u00a0le soutien de la famille pendant le reste de la semaine a \u00e9t\u00e9 vital. Cela me permet de me concentrer sur mon travail, mais aussi de passer du temps en famille avec mon enfant. Je peux alors \u00eatre tranquille pour le week-end\u00a0\u00bb.<\/p>\n<h2><strong>Parents isol\u00e9s et t\u00e9l\u00e9travail<\/strong><\/h2>\n<p>En moyenne, <a href=\"https:\/\/ec.europa.eu\/eurostat\/web\/products-eurostat-news\/-\/edn-20210601-2\" target=\"_blank\" rel=\"noopener\">15 % des m\u00e9nages<\/a> de l&rsquo;UE sont monoparentaux, la Su\u00e8de affichant le pourcentage le plus \u00e9lev\u00e9 (34 %) et la Croatie le plus faible (5 %). Aux \u00c9tats-Unis, ce chiffre est de 23 %, ce qui est nettement sup\u00e9rieur \u00e0 la moyenne mondiale de 7 %. Dans le monde, 90 % des parents isol\u00e9s sont des femmes.<\/p>\n<p>Pour les parents c\u00e9libataires, il est essentiel de pouvoir concilier la garde des enfants et le travail. Comme le dit Natalie Stein, notre Responsable de l&rsquo;Administration Internationale : \u00ab\u00a0Mon fils est toujours occup\u00e9 quand je travaille. Il va maintenant \u00e0 la maternelle, mais il fait aussi du patin \u00e0 glace \u00e0 l&rsquo;\u00e9cole, ce qui me permet de travailler \u00e0 plein temps. Mais il est important que je puisse \u00eatre flexible. Avec Wildix, je peux travailler \u00e0 la maison, au bureau ou n&rsquo;importe o\u00f9.<\/p>\n<p>C&rsquo;est cette flexibilit\u00e9 qui aide vraiment Natalie \u00e0 s&rsquo;occuper de ses enfants et lui permet de se concentrer sur ses besoins. \u00ab\u00a0J&rsquo;ai d\u00fb lui faire comprendre que je travaillais et que mon temps n&rsquo;\u00e9tait pas toujours disponible pour lui. J&rsquo;ai cr\u00e9\u00e9 une l\u00e9g\u00e8re s\u00e9paration entre le travail et le jeu. Cependant, il a particip\u00e9 \u00e0 notre Wildix Partner Day &#8211; il a \u00e9t\u00e9 tr\u00e8s utile, pour autant qu&rsquo;un enfant puisse l&rsquo;\u00eatre ! Mais une fois que je ne suis plus au travail, nous faisons beaucoup de choses ensemble. Je passe autant de temps libre que possible avec lui.<\/p>\n<p>Comme la grande majorit\u00e9 des parents, Natalie fixe des limites claires pour s&rsquo;assurer qu&rsquo;elle \u00e9l\u00e8ve son fils d&rsquo;une mani\u00e8re qui corresponde \u00e0 ses besoins et \u00e0 ses int\u00e9r\u00eats. \u00ab\u00a0Le dessin est toujours une bonne activit\u00e9, et il a r\u00e9guli\u00e8rement des devoirs \u00e0 faire \u00e0 la maison &#8211; je l&rsquo;encourage \u00e0 \u00e9crire et \u00e0 lire. Je ne compte pas sur les \u00e9crans pour l&rsquo;occuper ; il n&rsquo;en a pas. Au lieu de cela, nous passons du temps \u00e0 bricoler, il y a toujours quelque chose \u00e0 faire ensemble\u00a0\u00bb.<\/p>\n<p>Je suis \u00e9galement une m\u00e8re c\u00e9libataire et des entreprises comme Wildix offrent la possibilit\u00e9 de b\u00e9n\u00e9ficier d&rsquo;un bon \u00e9quilibre entre vie professionnelle et vie priv\u00e9e. Mon enfant va \u00e0 la cr\u00e8che trois fois par semaine, et il passe du temps avec des amis ou avec ma m\u00e8re les deux autres jours o\u00f9 je travaille. L&rsquo;important est de lui consacrer du temps lorsqu&rsquo;il rentre \u00e0 la maison, qu&rsquo;il s&rsquo;agisse simplement de regarder la t\u00e9l\u00e9vision, d&rsquo;aller au parc, de manger beaucoup de fruits provenant du jardin ou de faire du v\u00e9lo pr\u00e8s de la rivi\u00e8re.<\/p>\n<p>Les m\u00eames opportunit\u00e9s qui permettent aux parents isol\u00e9s de b\u00e9n\u00e9ficier d&rsquo;une certaine flexibilit\u00e9 profitent \u00e9galement aux foyers biparentaux lorsque les deux parents travaillent.<\/p>\n<p>\u00ab\u00a0Leonardo a maintenant un an, et lorsqu&rsquo;il est n\u00e9, mes priorit\u00e9s ont chang\u00e9 rapidement et radicalement\u00a0\u00bb, explique Annalisa Toniatti, notre Responsable Marketing pour l&rsquo;Italie. \u00ab\u00a0J&rsquo;ai toujours cherch\u00e9 un emploi qui me permette de trouver un bon \u00e9quilibre entre le travail et la vie priv\u00e9e. Chez Wildix, je peux emmener Leonardo \u00e0 la cr\u00e8che le matin et aller le chercher l&rsquo;apr\u00e8s-midi, sans avoir \u00e0 demander des cong\u00e9s, \u00e0 changer d&rsquo;horaires de travail ou \u00e0 d\u00e9l\u00e9guer cette t\u00e2che \u00e0 un autre membre de la famille\u00a0\u00bb.<\/p>\n<p>Pour Annalisa, l&rsquo;aspect le plus important du t\u00e9l\u00e9travail est le suivant : \u00ab\u00a0J&rsquo;utilise mon temps intelligemment, sans le gaspiller dans des activit\u00e9s inutiles comme les trafics matinaux et surtout je peux suivre mes rythmes de travail et ceux de mon enfant.\u00a0\u00bb<\/p>\n<h2><strong>Les possibilit\u00e9s du t\u00e9l\u00e9travail profitent \u00e0 tous<\/strong><\/h2>\n<p>Notre Responsable des Ressources Humaines, Roberta Terranova, <a href=\"https:\/\/blog.wildix.com\/fr\/etat-du-recrutement-aujourdhui-ucc\/\">a \u00e9crit ceci il y a quelques mois<\/a> : \u00ab\u00a0Nous devons \u00e9couter ce que le march\u00e9 a \u00e0 dire, et il est clair que la g\u00e9ographie n&rsquo;est pas si importante si le candidat a les comp\u00e9tences requises pour faire le travail. Cependant, l&rsquo;entreprise doit \u00e9galement faire l&rsquo;effort de cr\u00e9er ce sentiment d&rsquo;appartenance qui est n\u00e9cessaire pour aider les individus \u00e0 se sentir engag\u00e9s aupr\u00e8s de leurs coll\u00e8gues. Le renforcement de l&rsquo;esprit d&rsquo;\u00e9quipe est essentiel, mais il doit \u00eatre soigneusement \u00e9tudi\u00e9 pour s&rsquo;assurer que tout le monde peut s&rsquo;engager.<\/p>\n<p>Les parents sont essentiels \u00e0 la main-d&rsquo;\u0153uvre, et nous examinons attentivement nos politiques pour nous assurer que tout le monde peut en b\u00e9n\u00e9ficier. Les enfants sont les bienvenus dans les bureaux, et le personnel peut choisir (dans la plupart des cas) d&rsquo;\u00eatre enti\u00e8rement \u00e0 distance, enti\u00e8rement au bureau ou hybride selon les besoins. Cela nous permet d&rsquo;aider les parents et de faire en sorte que les parents se ressemblent. C&rsquo;est la m\u00e9thode Wildix.<\/p>\n<p><strong><em>Pour plus de conseils marketing,<\/em> <a href=\"https:\/\/www.wildix.com\/fr\/wildix-magazine\/\" target=\"_blank\" rel=\"noopener\">inscrivez-vous pour recevoir gratuitement notre magazine !<\/a><\/strong>[\/vc_column_text][\/vc_column][\/vc_row]<\/p>\n<\/div>","protected":false},"excerpt":{"rendered":"<p>[vc_row][vc_column][vc_single_image source=\u00a0\u00bbfeatured_image\u00a0\u00bb img_size=\u00a0\u00bbfull\u00a0\u00bb alignment=\u00a0\u00bbcenter\u00a0\u00bb][vc_column_text]Chez Wildix, nous sommes sp\u00e9cialis\u00e9s dans le t\u00e9l\u00e9travail, mais nous comptons \u00e9galement de nombreux parents (et futurs parents !) qui ont de jeunes enfants. Comment concilier les besoins de nos enfants, le t\u00e9l\u00e9travail et la planification et l&rsquo;organisation de nos activit\u00e9s ?<\/p>\n","protected":false},"author":799,"featured_media":89743,"comment_status":"open","ping_status":"closed","sticky":false,"template":"","format":"standard","meta":{"_acf_changed":false,"footnotes":""},"categories":[53],"tags":[],"class_list":["post-89763","post","type-post","status-publish","format-standard","has-post-thumbnail","hentry","category-blog-fr"],"acf":[],"yoast_head":"<!-- This site is optimized with the Yoast SEO plugin v27.4 - https:\/\/yoast.com\/product\/yoast-seo-wordpress\/ -->\n<title>T\u00e9l\u00e9travail : comment les parents qui travaillent chez Wildix g\u00e8rent la garde de leurs enfants<\/title>\n<meta name=\"description\" content=\"Wildix compte de nombreux parents qui jonglent entre la garde d&#039;enfants et le t\u00e9l\u00e9travail. Nous leur avons demand\u00e9 ce qu&#039;ils pensaient de leur fa\u00e7on de g\u00e9rer le travail, la vie personnelle et tout ce qui peut se trouver entre les deux.\" \/>\n<meta name=\"robots\" content=\"index, follow, max-snippet:-1, max-image-preview:large, max-video-preview:-1\" \/>\n<link rel=\"canonical\" href=\"https:\/\/blog.wildix.com\/fr\/teletravail-parents\/\" \/>\n<meta property=\"og:locale\" content=\"fr_FR\" \/>\n<meta property=\"og:type\" content=\"article\" \/>\n<meta property=\"og:title\" content=\"T\u00e9l\u00e9travail : comment les parents qui travaillent chez Wildix g\u00e8rent la garde de leurs enfants\" \/>\n<meta property=\"og:description\" content=\"Wildix compte de nombreux parents qui jonglent entre la garde d&#039;enfants et le t\u00e9l\u00e9travail. Nous leur avons demand\u00e9 ce qu&#039;ils pensaient de leur fa\u00e7on de g\u00e9rer le travail, la vie personnelle et tout ce qui peut se trouver entre les deux.\" \/>\n<meta property=\"og:url\" content=\"https:\/\/blog.wildix.com\/fr\/teletravail-parents\/\" \/>\n<meta property=\"og:site_name\" content=\"Wildix Blog\" \/>\n<meta property=\"article:publisher\" content=\"https:\/\/www.facebook.com\/wildix.pbx\" \/>\n<meta property=\"article:published_time\" content=\"2023-06-26T04:06:35+00:00\" \/>\n<meta property=\"article:modified_time\" content=\"2023-06-26T06:53:02+00:00\" \/>\n<meta property=\"og:image\" content=\"https:\/\/blog.wildix.com\/wp-content\/uploads\/2023\/06\/Remote-Working-at-Wildix_-The-Parents-Speak.jpg\" \/>\n\t<meta property=\"og:image:width\" content=\"1200\" \/>\n\t<meta property=\"og:image:height\" content=\"630\" \/>\n\t<meta property=\"og:image:type\" content=\"image\/jpeg\" \/>\n<meta name=\"author\" content=\"Stuart Brown\" \/>\n<meta name=\"twitter:card\" content=\"summary_large_image\" \/>\n<meta name=\"twitter:image\" content=\"https:\/\/blog.wildix.com\/wp-content\/uploads\/2023\/06\/Remote-Working-at-Wildix_-The-Parents-Speak.jpg\" \/>\n<meta name=\"twitter:creator\" content=\"@WildixSrl\" \/>\n<meta name=\"twitter:site\" content=\"@WildixSrl\" \/>\n<meta name=\"twitter:label1\" content=\"\u00c9crit par\" \/>\n\t<meta name=\"twitter:data1\" content=\"Stuart Brown\" \/>\n\t<meta name=\"twitter:label2\" content=\"Dur\u00e9e de lecture estim\u00e9e\" \/>\n\t<meta name=\"twitter:data2\" content=\"7 minutes\" \/>\n<script type=\"application\/ld+json\" class=\"yoast-schema-graph\">{\"@context\":\"https:\\\/\\\/schema.org\",\"@graph\":[{\"@type\":[\"Article\",\"BlogPosting\"],\"@id\":\"https:\\\/\\\/blog.wildix.com\\\/fr\\\/teletravail-parents\\\/#article\",\"isPartOf\":{\"@id\":\"https:\\\/\\\/blog.wildix.com\\\/fr\\\/teletravail-parents\\\/\"},\"author\":{\"name\":\"Stuart Brown\",\"@id\":\"https:\\\/\\\/blog.wildix.com\\\/#\\\/schema\\\/person\\\/007d161bb34dc8582e1eb928a488ad85\"},\"headline\":\"Le travail \u00e0 distance chez Wildix : Les parents disent tout !\",\"datePublished\":\"2023-06-26T04:06:35+00:00\",\"dateModified\":\"2023-06-26T06:53:02+00:00\",\"mainEntityOfPage\":{\"@id\":\"https:\\\/\\\/blog.wildix.com\\\/fr\\\/teletravail-parents\\\/\"},\"wordCount\":1726,\"commentCount\":0,\"publisher\":{\"@id\":\"https:\\\/\\\/blog.wildix.com\\\/#organization\"},\"image\":{\"@id\":\"https:\\\/\\\/blog.wildix.com\\\/fr\\\/teletravail-parents\\\/#primaryimage\"},\"thumbnailUrl\":\"https:\\\/\\\/blog.wildix.com\\\/wp-content\\\/uploads\\\/2023\\\/06\\\/Remote-Working-at-Wildix_-The-Parents-Speak.webp\",\"articleSection\":[\"Blog @fr\"],\"inLanguage\":\"fr-FR\",\"potentialAction\":[{\"@type\":\"CommentAction\",\"name\":\"Comment\",\"target\":[\"https:\\\/\\\/blog.wildix.com\\\/fr\\\/teletravail-parents\\\/#respond\"]}]},{\"@type\":\"WebPage\",\"@id\":\"https:\\\/\\\/blog.wildix.com\\\/fr\\\/teletravail-parents\\\/\",\"url\":\"https:\\\/\\\/blog.wildix.com\\\/fr\\\/teletravail-parents\\\/\",\"name\":\"T\u00e9l\u00e9travail : comment les parents qui travaillent chez Wildix g\u00e8rent la garde de leurs enfants\",\"isPartOf\":{\"@id\":\"https:\\\/\\\/blog.wildix.com\\\/#website\"},\"primaryImageOfPage\":{\"@id\":\"https:\\\/\\\/blog.wildix.com\\\/fr\\\/teletravail-parents\\\/#primaryimage\"},\"image\":{\"@id\":\"https:\\\/\\\/blog.wildix.com\\\/fr\\\/teletravail-parents\\\/#primaryimage\"},\"thumbnailUrl\":\"https:\\\/\\\/blog.wildix.com\\\/wp-content\\\/uploads\\\/2023\\\/06\\\/Remote-Working-at-Wildix_-The-Parents-Speak.webp\",\"datePublished\":\"2023-06-26T04:06:35+00:00\",\"dateModified\":\"2023-06-26T06:53:02+00:00\",\"description\":\"Wildix compte de nombreux parents qui jonglent entre la garde d'enfants et le t\u00e9l\u00e9travail. Nous leur avons demand\u00e9 ce qu'ils pensaient de leur fa\u00e7on de g\u00e9rer le travail, la vie personnelle et tout ce qui peut se trouver entre les deux.\",\"breadcrumb\":{\"@id\":\"https:\\\/\\\/blog.wildix.com\\\/fr\\\/teletravail-parents\\\/#breadcrumb\"},\"inLanguage\":\"fr-FR\",\"potentialAction\":[{\"@type\":\"ReadAction\",\"target\":[\"https:\\\/\\\/blog.wildix.com\\\/fr\\\/teletravail-parents\\\/\"]}]},{\"@type\":\"ImageObject\",\"inLanguage\":\"fr-FR\",\"@id\":\"https:\\\/\\\/blog.wildix.com\\\/fr\\\/teletravail-parents\\\/#primaryimage\",\"url\":\"https:\\\/\\\/blog.wildix.com\\\/wp-content\\\/uploads\\\/2023\\\/06\\\/Remote-Working-at-Wildix_-The-Parents-Speak.webp\",\"contentUrl\":\"https:\\\/\\\/blog.wildix.com\\\/wp-content\\\/uploads\\\/2023\\\/06\\\/Remote-Working-at-Wildix_-The-Parents-Speak.webp\",\"width\":1200,\"height\":630},{\"@type\":\"BreadcrumbList\",\"@id\":\"https:\\\/\\\/blog.wildix.com\\\/fr\\\/teletravail-parents\\\/#breadcrumb\",\"itemListElement\":[{\"@type\":\"ListItem\",\"position\":1,\"name\":\"Home\",\"item\":\"https:\\\/\\\/blog.wildix.com\\\/fr\\\/\"},{\"@type\":\"ListItem\",\"position\":2,\"name\":\"Blog @fr\",\"item\":\"https:\\\/\\\/blog.wildix.com\\\/fr\\\/category\\\/blog-fr\\\/\"},{\"@type\":\"ListItem\",\"position\":3,\"name\":\"Le travail \u00e0 distance chez Wildix : Les parents disent tout !\"}]},{\"@type\":\"WebSite\",\"@id\":\"https:\\\/\\\/blog.wildix.com\\\/#website\",\"url\":\"https:\\\/\\\/blog.wildix.com\\\/\",\"name\":\"Wildix Blog\",\"description\":\"Parlons VoIP, Communication unifi\u00e9e et WebRTC\",\"publisher\":{\"@id\":\"https:\\\/\\\/blog.wildix.com\\\/#organization\"},\"potentialAction\":[{\"@type\":\"SearchAction\",\"target\":{\"@type\":\"EntryPoint\",\"urlTemplate\":\"https:\\\/\\\/blog.wildix.com\\\/?s={search_term_string}\"},\"query-input\":{\"@type\":\"PropertyValueSpecification\",\"valueRequired\":true,\"valueName\":\"search_term_string\"}}],\"inLanguage\":\"fr-FR\"},{\"@type\":\"Organization\",\"@id\":\"https:\\\/\\\/blog.wildix.com\\\/#organization\",\"name\":\"Wildix\",\"url\":\"https:\\\/\\\/blog.wildix.com\\\/\",\"logo\":{\"@type\":\"ImageObject\",\"inLanguage\":\"fr-FR\",\"@id\":\"https:\\\/\\\/blog.wildix.com\\\/#\\\/schema\\\/logo\\\/image\\\/\",\"url\":\"https:\\\/\\\/blog.wildix.com\\\/wp-content\\\/uploads\\\/2015\\\/05\\\/LOGO-WILDIX-BLU-small-e1733323375170.jpg\",\"contentUrl\":\"https:\\\/\\\/blog.wildix.com\\\/wp-content\\\/uploads\\\/2015\\\/05\\\/LOGO-WILDIX-BLU-small-e1733323375170.jpg\",\"width\":473,\"height\":192,\"caption\":\"Wildix\"},\"image\":{\"@id\":\"https:\\\/\\\/blog.wildix.com\\\/#\\\/schema\\\/logo\\\/image\\\/\"},\"sameAs\":[\"https:\\\/\\\/www.facebook.com\\\/wildix.pbx\",\"https:\\\/\\\/x.com\\\/WildixSrl\",\"https:\\\/\\\/www.linkedin.com\\\/company\\\/wildix-srl\",\"https:\\\/\\\/www.youtube.com\\\/user\\\/WildixPBX\"]},{\"@type\":\"Person\",\"@id\":\"https:\\\/\\\/blog.wildix.com\\\/#\\\/schema\\\/person\\\/007d161bb34dc8582e1eb928a488ad85\",\"name\":\"Stuart Brown\",\"image\":{\"@type\":\"ImageObject\",\"inLanguage\":\"fr-FR\",\"@id\":\"https:\\\/\\\/secure.gravatar.com\\\/avatar\\\/6c913c23e9109943f0dd2b6895d898e802e11eade272a30b7cd701c88b3b736c?s=96&d=retro&r=g\",\"url\":\"https:\\\/\\\/secure.gravatar.com\\\/avatar\\\/6c913c23e9109943f0dd2b6895d898e802e11eade272a30b7cd701c88b3b736c?s=96&d=retro&r=g\",\"contentUrl\":\"https:\\\/\\\/secure.gravatar.com\\\/avatar\\\/6c913c23e9109943f0dd2b6895d898e802e11eade272a30b7cd701c88b3b736c?s=96&d=retro&r=g\",\"caption\":\"Stuart Brown\"},\"url\":\"https:\\\/\\\/blog.wildix.com\\\/fr\\\/author\\\/stuart-brown\\\/\"}]}<\/script>\n<!-- \/ Yoast SEO plugin. -->","yoast_head_json":{"title":"T\u00e9l\u00e9travail : comment les parents qui travaillent chez Wildix g\u00e8rent la garde de leurs enfants","description":"Wildix compte de nombreux parents qui jonglent entre la garde d'enfants et le t\u00e9l\u00e9travail. Nous leur avons demand\u00e9 ce qu'ils pensaient de leur fa\u00e7on de g\u00e9rer le travail, la vie personnelle et tout ce qui peut se trouver entre les deux.","robots":{"index":"index","follow":"follow","max-snippet":"max-snippet:-1","max-image-preview":"max-image-preview:large","max-video-preview":"max-video-preview:-1"},"canonical":"https:\/\/blog.wildix.com\/fr\/teletravail-parents\/","og_locale":"fr_FR","og_type":"article","og_title":"T\u00e9l\u00e9travail : comment les parents qui travaillent chez Wildix g\u00e8rent la garde de leurs enfants","og_description":"Wildix compte de nombreux parents qui jonglent entre la garde d'enfants et le t\u00e9l\u00e9travail. Nous leur avons demand\u00e9 ce qu'ils pensaient de leur fa\u00e7on de g\u00e9rer le travail, la vie personnelle et tout ce qui peut se trouver entre les deux.","og_url":"https:\/\/blog.wildix.com\/fr\/teletravail-parents\/","og_site_name":"Wildix Blog","article_publisher":"https:\/\/www.facebook.com\/wildix.pbx","article_published_time":"2023-06-26T04:06:35+00:00","article_modified_time":"2023-06-26T06:53:02+00:00","og_image":[{"width":1200,"height":630,"url":"https:\/\/blog.wildix.com\/wp-content\/uploads\/2023\/06\/Remote-Working-at-Wildix_-The-Parents-Speak.jpg","type":"image\/jpeg"}],"author":"Stuart Brown","twitter_card":"summary_large_image","twitter_image":"https:\/\/blog.wildix.com\/wp-content\/uploads\/2023\/06\/Remote-Working-at-Wildix_-The-Parents-Speak.jpg","twitter_creator":"@WildixSrl","twitter_site":"@WildixSrl","twitter_misc":{"\u00c9crit par":"Stuart Brown","Dur\u00e9e de lecture estim\u00e9e":"7 minutes"},"schema":{"@context":"https:\/\/schema.org","@graph":[{"@type":["Article","BlogPosting"],"@id":"https:\/\/blog.wildix.com\/fr\/teletravail-parents\/#article","isPartOf":{"@id":"https:\/\/blog.wildix.com\/fr\/teletravail-parents\/"},"author":{"name":"Stuart Brown","@id":"https:\/\/blog.wildix.com\/#\/schema\/person\/007d161bb34dc8582e1eb928a488ad85"},"headline":"Le travail \u00e0 distance chez Wildix : Les parents disent tout !","datePublished":"2023-06-26T04:06:35+00:00","dateModified":"2023-06-26T06:53:02+00:00","mainEntityOfPage":{"@id":"https:\/\/blog.wildix.com\/fr\/teletravail-parents\/"},"wordCount":1726,"commentCount":0,"publisher":{"@id":"https:\/\/blog.wildix.com\/#organization"},"image":{"@id":"https:\/\/blog.wildix.com\/fr\/teletravail-parents\/#primaryimage"},"thumbnailUrl":"https:\/\/blog.wildix.com\/wp-content\/uploads\/2023\/06\/Remote-Working-at-Wildix_-The-Parents-Speak.webp","articleSection":["Blog @fr"],"inLanguage":"fr-FR","potentialAction":[{"@type":"CommentAction","name":"Comment","target":["https:\/\/blog.wildix.com\/fr\/teletravail-parents\/#respond"]}]},{"@type":"WebPage","@id":"https:\/\/blog.wildix.com\/fr\/teletravail-parents\/","url":"https:\/\/blog.wildix.com\/fr\/teletravail-parents\/","name":"T\u00e9l\u00e9travail : comment les parents qui travaillent chez Wildix g\u00e8rent la garde de leurs enfants","isPartOf":{"@id":"https:\/\/blog.wildix.com\/#website"},"primaryImageOfPage":{"@id":"https:\/\/blog.wildix.com\/fr\/teletravail-parents\/#primaryimage"},"image":{"@id":"https:\/\/blog.wildix.com\/fr\/teletravail-parents\/#primaryimage"},"thumbnailUrl":"https:\/\/blog.wildix.com\/wp-content\/uploads\/2023\/06\/Remote-Working-at-Wildix_-The-Parents-Speak.webp","datePublished":"2023-06-26T04:06:35+00:00","dateModified":"2023-06-26T06:53:02+00:00","description":"Wildix compte de nombreux parents qui jonglent entre la garde d'enfants et le t\u00e9l\u00e9travail. Nous leur avons demand\u00e9 ce qu'ils pensaient de leur fa\u00e7on de g\u00e9rer le travail, la vie personnelle et tout ce qui peut se trouver entre les deux.","breadcrumb":{"@id":"https:\/\/blog.wildix.com\/fr\/teletravail-parents\/#breadcrumb"},"inLanguage":"fr-FR","potentialAction":[{"@type":"ReadAction","target":["https:\/\/blog.wildix.com\/fr\/teletravail-parents\/"]}]},{"@type":"ImageObject","inLanguage":"fr-FR","@id":"https:\/\/blog.wildix.com\/fr\/teletravail-parents\/#primaryimage","url":"https:\/\/blog.wildix.com\/wp-content\/uploads\/2023\/06\/Remote-Working-at-Wildix_-The-Parents-Speak.webp","contentUrl":"https:\/\/blog.wildix.com\/wp-content\/uploads\/2023\/06\/Remote-Working-at-Wildix_-The-Parents-Speak.webp","width":1200,"height":630},{"@type":"BreadcrumbList","@id":"https:\/\/blog.wildix.com\/fr\/teletravail-parents\/#breadcrumb","itemListElement":[{"@type":"ListItem","position":1,"name":"Home","item":"https:\/\/blog.wildix.com\/fr\/"},{"@type":"ListItem","position":2,"name":"Blog @fr","item":"https:\/\/blog.wildix.com\/fr\/category\/blog-fr\/"},{"@type":"ListItem","position":3,"name":"Le travail \u00e0 distance chez Wildix : Les parents disent tout !"}]},{"@type":"WebSite","@id":"https:\/\/blog.wildix.com\/#website","url":"https:\/\/blog.wildix.com\/","name":"Wildix Blog","description":"Parlons VoIP, Communication unifi\u00e9e et WebRTC","publisher":{"@id":"https:\/\/blog.wildix.com\/#organization"},"potentialAction":[{"@type":"SearchAction","target":{"@type":"EntryPoint","urlTemplate":"https:\/\/blog.wildix.com\/?s={search_term_string}"},"query-input":{"@type":"PropertyValueSpecification","valueRequired":true,"valueName":"search_term_string"}}],"inLanguage":"fr-FR"},{"@type":"Organization","@id":"https:\/\/blog.wildix.com\/#organization","name":"Wildix","url":"https:\/\/blog.wildix.com\/","logo":{"@type":"ImageObject","inLanguage":"fr-FR","@id":"https:\/\/blog.wildix.com\/#\/schema\/logo\/image\/","url":"https:\/\/blog.wildix.com\/wp-content\/uploads\/2015\/05\/LOGO-WILDIX-BLU-small-e1733323375170.jpg","contentUrl":"https:\/\/blog.wildix.com\/wp-content\/uploads\/2015\/05\/LOGO-WILDIX-BLU-small-e1733323375170.jpg","width":473,"height":192,"caption":"Wildix"},"image":{"@id":"https:\/\/blog.wildix.com\/#\/schema\/logo\/image\/"},"sameAs":["https:\/\/www.facebook.com\/wildix.pbx","https:\/\/x.com\/WildixSrl","https:\/\/www.linkedin.com\/company\/wildix-srl","https:\/\/www.youtube.com\/user\/WildixPBX"]},{"@type":"Person","@id":"https:\/\/blog.wildix.com\/#\/schema\/person\/007d161bb34dc8582e1eb928a488ad85","name":"Stuart Brown","image":{"@type":"ImageObject","inLanguage":"fr-FR","@id":"https:\/\/secure.gravatar.com\/avatar\/6c913c23e9109943f0dd2b6895d898e802e11eade272a30b7cd701c88b3b736c?s=96&d=retro&r=g","url":"https:\/\/secure.gravatar.com\/avatar\/6c913c23e9109943f0dd2b6895d898e802e11eade272a30b7cd701c88b3b736c?s=96&d=retro&r=g","contentUrl":"https:\/\/secure.gravatar.com\/avatar\/6c913c23e9109943f0dd2b6895d898e802e11eade272a30b7cd701c88b3b736c?s=96&d=retro&r=g","caption":"Stuart Brown"},"url":"https:\/\/blog.wildix.com\/fr\/author\/stuart-brown\/"}]}},"_links":{"self":[{"href":"https:\/\/blog.wildix.com\/fr\/wp-json\/wp\/v2\/posts\/89763","targetHints":{"allow":["GET"]}}],"collection":[{"href":"https:\/\/blog.wildix.com\/fr\/wp-json\/wp\/v2\/posts"}],"about":[{"href":"https:\/\/blog.wildix.com\/fr\/wp-json\/wp\/v2\/types\/post"}],"author":[{"embeddable":true,"href":"https:\/\/blog.wildix.com\/fr\/wp-json\/wp\/v2\/users\/799"}],"replies":[{"embeddable":true,"href":"https:\/\/blog.wildix.com\/fr\/wp-json\/wp\/v2\/comments?post=89763"}],"version-history":[{"count":3,"href":"https:\/\/blog.wildix.com\/fr\/wp-json\/wp\/v2\/posts\/89763\/revisions"}],"predecessor-version":[{"id":89772,"href":"https:\/\/blog.wildix.com\/fr\/wp-json\/wp\/v2\/posts\/89763\/revisions\/89772"}],"wp:featuredmedia":[{"embeddable":true,"href":"https:\/\/blog.wildix.com\/fr\/wp-json\/wp\/v2\/media\/89743"}],"wp:attachment":[{"href":"https:\/\/blog.wildix.com\/fr\/wp-json\/wp\/v2\/media?parent=89763"}],"wp:term":[{"taxonomy":"category","embeddable":true,"href":"https:\/\/blog.wildix.com\/fr\/wp-json\/wp\/v2\/categories?post=89763"},{"taxonomy":"post_tag","embeddable":true,"href":"https:\/\/blog.wildix.com\/fr\/wp-json\/wp\/v2\/tags?post=89763"}],"curies":[{"name":"wp","href":"https:\/\/api.w.org\/{rel}","templated":true}]}}