{"id":24894,"date":"2019-03-13T11:11:17","date_gmt":"2019-03-13T10:11:17","guid":{"rendered":"https:\/\/blog.wildix.com\/?p=24894"},"modified":"2019-03-13T11:18:44","modified_gmt":"2019-03-13T10:18:44","slug":"personal-branding-a-me-non-serve-e-poi-non-ho-tempo","status":"publish","type":"post","link":"https:\/\/blog.wildix.com\/it\/personal-branding-a-me-non-serve-e-poi-non-ho-tempo\/","title":{"rendered":"PERSONAL BRANDING? A ME NON SERVE, E POI NON HO TEMPO."},"content":{"rendered":"<div class=\"wpb-content-wrapper\"><p>[vc_row][vc_column][vc_single_image image=&#8221;24897&#8243; img_size=&#8221;full&#8221; alignment=&#8221;center&#8221;][vc_column_text]<b>Perch\u00e8 fare Personal Branding per gestire al meglio il proprio Business<\/b><\/p>\n<p>Quando si parla di Personal Branding, c\u2019\u00e8 ancora tanta diffidenza. <em>In primis<\/em>, forse, perch\u00e9 non \u00e8 ben chiaro il concetto che sta alla base di questa attivit\u00e0.<\/p>\n<p>Fare <b>Personal Branding<\/b> significa, in grande sintesi, promuovere noi stessi, ovvero <b>dedicare tempo e attenzione a noi in quanto professionisti<\/b> di un determinato settore.<!--more--><\/p>\n<p>La definizione inglese forse intimorisce, o forse infastidisce, ma se ci pensiamo bene, <b>tutti noi abbiamo fatto, facciamo e sempre faremo Personal Branding<\/b>: durante un colloquio, quando incontriamo persone interessanti ad una Fiera, quando andiamo ad una colazione di lavoro o durante una riunione in ufficio. Difendiamo le nostre idee e le nostre competenze, e cerchiamo di condividere con chi ci sta ascoltando le nostre qualit\u00e0 ed i nostri pregi, e questo \u00e8 sacrosanto e normale.<\/p>\n<p><b>Cosa cambia oggi?<\/b> Che siamo nell\u2019era digitale, ed ora il Personal Branding va sviluppato attraverso i <b>nuovi canali di comunicazione<\/b>(Social Network, Blog, Siti internet, articoli\u2026)<\/p>\n<p>Il mito da sfatare \u00e8 che quest\u2019attivit\u00e0 serva solo ed esclusivamente ai consulenti <em>freelance<\/em>\u00a0in cerca di nuovi clienti. \u00c8 chiaro che il settore della <b>consulenza<\/b> si presti molto bene a questo tipo di attivit\u00e0: un\/a consulente deve sempre essere sul pezzo e deve fare in modo che i propri conoscenti e contatti conoscano questa sua prerogativa.<\/p>\n<blockquote><p><b>Quante volte ho sentito dire da professionisti di grandi aziende \u201c<\/b><b>Personal Branding? A me non serve, e poi non ho tempo\u201d?<\/b><\/p><\/blockquote>\n<p>Andiamo per ordine.<\/p>\n<p><b><ins>A ME NON SERVE: primo errore.<\/ins><\/b><\/p>\n<p>A tutti i professionisti serve, oggi, fare Personal Branding. Per infondere <b>fiducia<\/b> ** nei <b>clienti<\/b> gi\u00e0 acquisiti e per ricordare loro che hanno fatto la scelta giusta; per destare i<b>nteresse<\/b> nei <b>potenziali clienti<\/b> che, dovendo scegliere, preferiranno sicuramente confrontarsi con persone esperte; per accrescere le proprie <b>competenze<\/b> ** \u2013 non si finisce mai di imparare. Non importa che si vendano macchine, Software, prodotti finanziari, pacchetti di viaggio\u2026 <b>tutti i clienti, oggi, vogliono l\u2019eccellenza<\/b>. E se noi non condividiamo le nostre competenze, come potranno i clienti sceglierci e rimanere fedeli alla loro scelta?<\/p>\n<p><b><ins>NON HO TEMPO: secondo errore.<\/ins><\/b><\/p>\n<p>Per fare Personal Branding non \u00e8 necessario spendere ogni giorno del tempo. Basta <b>organizzarsi e avere le idee chiare<\/b>. Ormai ci sono diversi strumenti gratuiti che permettono di trovare e pianificare contenuti utili ed interessanti. Potrebbe essere sufficiente ritagliarsi un paio d\u2019ore, magari durante il weekend, per mettersi davanti al proprio PC e <b>cercare, commentare, scrivere, condividere<\/b>. Non \u00e8 un\u2019attivit\u00e0 lavorativa, e nessuno vi pagher\u00e0 quelle due ore extra, perch\u00e9 <b>sono ore che voi state dedicando a voi stessi<\/b>. Cos\u00ec come \u2013 giustamente \u2013 andate in palestra, o fuori a cena, o a fare una passeggiata con la vostra famiglia, allo stesso modo \u00e8 giusto che voi dedichiate del tempo a voi stessi in quanto professionisti. Altrimenti il rischio \u00e8 che dedichiate il 90% all\u2019azienda per cui lavorate. Ma voi non siete l\u2019azienda per cui lavorate: siete dei professionisti che accrescono il valore dell&#8217;azienda per cui lavorate. Non dimenticatelo.<\/p>\n<p>Il mondo digitale ci d\u00e0 la possibilit\u00e0 non solo di accrescere le nostre competenze ma anche di condividerle facilmente con una quantit\u00e0 impressionante di professionisti in tutto il mondo: non facciamo finta di niente solo per pigrizia: <b>prendiamoci cura della nostra professionalit\u00e0 e del nostro Personal Branding!<\/b><\/p>\n<p>Parleremo anche di questo al prossimo <b>UNICOMM<\/b>, in programma per il 13, 14 e 15 maggio a Barcellona.<\/p>\n<p>Se ancora non l&#8217;hai fatto, iscriviti subito:\u00a0<b><a class=\"external-link\" title=\"Follow link\" href=\"https:\/\/www.unicomm.training\/\" rel=\"nofollow\">https:\/\/www.unicomm.training\/<\/a><\/b>[\/vc_column_text][\/vc_column][\/vc_row]<\/p>\n<\/div>","protected":false},"excerpt":{"rendered":"<p>[vc_row][vc_column][vc_single_image image=&#8221;24897&#8243; img_size=&#8221;full&#8221; alignment=&#8221;center&#8221;][vc_column_text]Perch\u00e8 fare Personal Branding per gestire al meglio il proprio Business Quando si parla di Personal Branding, c\u2019\u00e8 ancora tanta diffidenza. In primis, forse, perch\u00e9 non \u00e8 ben chiaro il concetto che sta alla base di questa attivit\u00e0. Fare Personal Branding significa, in grande sintesi, promuovere noi stessi, ovvero dedicare tempo e &hellip; <\/p>\n<p class=\"link-more\"><a href=\"https:\/\/blog.wildix.com\/it\/personal-branding-a-me-non-serve-e-poi-non-ho-tempo\/\" class=\"more-link\">Leggi tutto<span class=\"screen-reader-text\"> &#8220;PERSONAL BRANDING? A ME NON SERVE, E POI NON HO TEMPO.&#8221;<\/span><\/a><\/p>\n","protected":false},"author":546,"featured_media":24897,"comment_status":"open","ping_status":"open","sticky":false,"template":"","format":"standard","meta":{"_acf_changed":false,"footnotes":""},"categories":[1],"tags":[],"class_list":["post-24894","post","type-post","status-publish","format-standard","has-post-thumbnail","hentry","category-blog-it"],"acf":[],"yoast_head":"<!-- This site is optimized with the Yoast SEO plugin v27.4 - https:\/\/yoast.com\/product\/yoast-seo-wordpress\/ -->\n<title>Personal branding? A me non serve, e poi non ho tempo.<\/title>\n<meta name=\"description\" content=\"La definizione inglese forse intimorisce, o forse infastidisce, ma se ci pensiamo bene, tutti noi abbiamo fatto, facciamo e sempre faremo Personal Branding...\" \/>\n<meta name=\"robots\" content=\"index, follow, max-snippet:-1, max-image-preview:large, max-video-preview:-1\" \/>\n<link rel=\"canonical\" href=\"https:\/\/blog.wildix.com\/it\/personal-branding-a-me-non-serve-e-poi-non-ho-tempo\/\" \/>\n<meta property=\"og:locale\" content=\"it_IT\" \/>\n<meta property=\"og:type\" content=\"article\" \/>\n<meta property=\"og:title\" content=\"Personal branding? A me non serve, e poi non ho tempo.\" \/>\n<meta property=\"og:description\" content=\"La definizione inglese forse intimorisce, o forse infastidisce, ma se ci pensiamo bene, tutti noi abbiamo fatto, facciamo e sempre faremo Personal Branding...\" \/>\n<meta property=\"og:url\" content=\"https:\/\/blog.wildix.com\/it\/personal-branding-a-me-non-serve-e-poi-non-ho-tempo\/\" \/>\n<meta property=\"og:site_name\" content=\"Wildix Blog\" \/>\n<meta property=\"article:publisher\" content=\"https:\/\/www.facebook.com\/wildix.pbx\" \/>\n<meta property=\"article:published_time\" content=\"2019-03-13T10:11:17+00:00\" \/>\n<meta property=\"article:modified_time\" content=\"2019-03-13T10:18:44+00:00\" \/>\n<meta property=\"og:image\" content=\"https:\/\/blog.wildix.com\/wp-content\/uploads\/2019\/03\/personal-branding-a-me-non-serve-e-poi-non-ho-tempo.jpg\" \/>\n\t<meta property=\"og:image:width\" content=\"1000\" \/>\n\t<meta property=\"og:image:height\" content=\"667\" \/>\n\t<meta property=\"og:image:type\" content=\"image\/jpeg\" \/>\n<meta name=\"author\" content=\"Giulia Perotta\" \/>\n<meta name=\"twitter:card\" content=\"summary_large_image\" \/>\n<meta name=\"twitter:creator\" content=\"@WildixSrl\" \/>\n<meta name=\"twitter:site\" content=\"@WildixSrl\" \/>\n<meta name=\"twitter:label1\" content=\"Scritto da\" \/>\n\t<meta name=\"twitter:data1\" content=\"Giulia Perotta\" \/>\n\t<meta name=\"twitter:label2\" content=\"Tempo di lettura stimato\" \/>\n\t<meta name=\"twitter:data2\" content=\"3 minuti\" \/>\n<script type=\"application\/ld+json\" class=\"yoast-schema-graph\">{\"@context\":\"https:\\\/\\\/schema.org\",\"@graph\":[{\"@type\":[\"Article\",\"BlogPosting\"],\"@id\":\"https:\\\/\\\/blog.wildix.com\\\/it\\\/personal-branding-a-me-non-serve-e-poi-non-ho-tempo\\\/#article\",\"isPartOf\":{\"@id\":\"https:\\\/\\\/blog.wildix.com\\\/it\\\/personal-branding-a-me-non-serve-e-poi-non-ho-tempo\\\/\"},\"author\":{\"name\":\"Giulia Perotta\",\"@id\":\"https:\\\/\\\/blog.wildix.com\\\/#\\\/schema\\\/person\\\/33bfb2fc3a73b6e9d42bd399cd1b3487\"},\"headline\":\"PERSONAL BRANDING? A ME NON SERVE, E POI NON HO TEMPO.\",\"datePublished\":\"2019-03-13T10:11:17+00:00\",\"dateModified\":\"2019-03-13T10:18:44+00:00\",\"mainEntityOfPage\":{\"@id\":\"https:\\\/\\\/blog.wildix.com\\\/it\\\/personal-branding-a-me-non-serve-e-poi-non-ho-tempo\\\/\"},\"wordCount\":600,\"commentCount\":0,\"publisher\":{\"@id\":\"https:\\\/\\\/blog.wildix.com\\\/#organization\"},\"image\":{\"@id\":\"https:\\\/\\\/blog.wildix.com\\\/it\\\/personal-branding-a-me-non-serve-e-poi-non-ho-tempo\\\/#primaryimage\"},\"thumbnailUrl\":\"https:\\\/\\\/blog.wildix.com\\\/wp-content\\\/uploads\\\/2019\\\/03\\\/personal-branding-a-me-non-serve-e-poi-non-ho-tempo.jpg\",\"articleSection\":[\"Blog @it\"],\"inLanguage\":\"it-IT\",\"potentialAction\":[{\"@type\":\"CommentAction\",\"name\":\"Comment\",\"target\":[\"https:\\\/\\\/blog.wildix.com\\\/it\\\/personal-branding-a-me-non-serve-e-poi-non-ho-tempo\\\/#respond\"]}]},{\"@type\":\"WebPage\",\"@id\":\"https:\\\/\\\/blog.wildix.com\\\/it\\\/personal-branding-a-me-non-serve-e-poi-non-ho-tempo\\\/\",\"url\":\"https:\\\/\\\/blog.wildix.com\\\/it\\\/personal-branding-a-me-non-serve-e-poi-non-ho-tempo\\\/\",\"name\":\"Personal branding? A me non serve, e poi non ho tempo.\",\"isPartOf\":{\"@id\":\"https:\\\/\\\/blog.wildix.com\\\/#website\"},\"primaryImageOfPage\":{\"@id\":\"https:\\\/\\\/blog.wildix.com\\\/it\\\/personal-branding-a-me-non-serve-e-poi-non-ho-tempo\\\/#primaryimage\"},\"image\":{\"@id\":\"https:\\\/\\\/blog.wildix.com\\\/it\\\/personal-branding-a-me-non-serve-e-poi-non-ho-tempo\\\/#primaryimage\"},\"thumbnailUrl\":\"https:\\\/\\\/blog.wildix.com\\\/wp-content\\\/uploads\\\/2019\\\/03\\\/personal-branding-a-me-non-serve-e-poi-non-ho-tempo.jpg\",\"datePublished\":\"2019-03-13T10:11:17+00:00\",\"dateModified\":\"2019-03-13T10:18:44+00:00\",\"description\":\"La definizione inglese forse intimorisce, o forse infastidisce, ma se ci pensiamo bene, tutti noi abbiamo fatto, facciamo e sempre faremo Personal Branding...\",\"breadcrumb\":{\"@id\":\"https:\\\/\\\/blog.wildix.com\\\/it\\\/personal-branding-a-me-non-serve-e-poi-non-ho-tempo\\\/#breadcrumb\"},\"inLanguage\":\"it-IT\",\"potentialAction\":[{\"@type\":\"ReadAction\",\"target\":[\"https:\\\/\\\/blog.wildix.com\\\/it\\\/personal-branding-a-me-non-serve-e-poi-non-ho-tempo\\\/\"]}]},{\"@type\":\"ImageObject\",\"inLanguage\":\"it-IT\",\"@id\":\"https:\\\/\\\/blog.wildix.com\\\/it\\\/personal-branding-a-me-non-serve-e-poi-non-ho-tempo\\\/#primaryimage\",\"url\":\"https:\\\/\\\/blog.wildix.com\\\/wp-content\\\/uploads\\\/2019\\\/03\\\/personal-branding-a-me-non-serve-e-poi-non-ho-tempo.jpg\",\"contentUrl\":\"https:\\\/\\\/blog.wildix.com\\\/wp-content\\\/uploads\\\/2019\\\/03\\\/personal-branding-a-me-non-serve-e-poi-non-ho-tempo.jpg\",\"width\":1000,\"height\":667},{\"@type\":\"BreadcrumbList\",\"@id\":\"https:\\\/\\\/blog.wildix.com\\\/it\\\/personal-branding-a-me-non-serve-e-poi-non-ho-tempo\\\/#breadcrumb\",\"itemListElement\":[{\"@type\":\"ListItem\",\"position\":1,\"name\":\"Home\",\"item\":\"https:\\\/\\\/blog.wildix.com\\\/it\\\/\"},{\"@type\":\"ListItem\",\"position\":2,\"name\":\"Blog @it\",\"item\":\"https:\\\/\\\/blog.wildix.com\\\/it\\\/category\\\/blog-it\\\/\"},{\"@type\":\"ListItem\",\"position\":3,\"name\":\"PERSONAL BRANDING? A ME NON SERVE, E POI NON HO TEMPO.\"}]},{\"@type\":\"WebSite\",\"@id\":\"https:\\\/\\\/blog.wildix.com\\\/#website\",\"url\":\"https:\\\/\\\/blog.wildix.com\\\/\",\"name\":\"Wildix Blog\",\"description\":\"Dal VoIP alle Unified Communication al WebRTC\",\"publisher\":{\"@id\":\"https:\\\/\\\/blog.wildix.com\\\/#organization\"},\"potentialAction\":[{\"@type\":\"SearchAction\",\"target\":{\"@type\":\"EntryPoint\",\"urlTemplate\":\"https:\\\/\\\/blog.wildix.com\\\/?s={search_term_string}\"},\"query-input\":{\"@type\":\"PropertyValueSpecification\",\"valueRequired\":true,\"valueName\":\"search_term_string\"}}],\"inLanguage\":\"it-IT\"},{\"@type\":\"Organization\",\"@id\":\"https:\\\/\\\/blog.wildix.com\\\/#organization\",\"name\":\"Wildix\",\"url\":\"https:\\\/\\\/blog.wildix.com\\\/\",\"logo\":{\"@type\":\"ImageObject\",\"inLanguage\":\"it-IT\",\"@id\":\"https:\\\/\\\/blog.wildix.com\\\/#\\\/schema\\\/logo\\\/image\\\/\",\"url\":\"https:\\\/\\\/blog.wildix.com\\\/wp-content\\\/uploads\\\/2015\\\/05\\\/LOGO-WILDIX-BLU-small-e1733323375170.jpg\",\"contentUrl\":\"https:\\\/\\\/blog.wildix.com\\\/wp-content\\\/uploads\\\/2015\\\/05\\\/LOGO-WILDIX-BLU-small-e1733323375170.jpg\",\"width\":473,\"height\":192,\"caption\":\"Wildix\"},\"image\":{\"@id\":\"https:\\\/\\\/blog.wildix.com\\\/#\\\/schema\\\/logo\\\/image\\\/\"},\"sameAs\":[\"https:\\\/\\\/www.facebook.com\\\/wildix.pbx\",\"https:\\\/\\\/x.com\\\/WildixSrl\",\"https:\\\/\\\/www.linkedin.com\\\/company\\\/wildix-srl\",\"https:\\\/\\\/www.youtube.com\\\/user\\\/WildixPBX\"]},{\"@type\":\"Person\",\"@id\":\"https:\\\/\\\/blog.wildix.com\\\/#\\\/schema\\\/person\\\/33bfb2fc3a73b6e9d42bd399cd1b3487\",\"name\":\"Giulia Perotta\",\"image\":{\"@type\":\"ImageObject\",\"inLanguage\":\"it-IT\",\"@id\":\"https:\\\/\\\/secure.gravatar.com\\\/avatar\\\/eaf31a1921e765abe809563adf911dc2be01680006c620bb1939367128777b96?s=96&d=retro&r=g\",\"url\":\"https:\\\/\\\/secure.gravatar.com\\\/avatar\\\/eaf31a1921e765abe809563adf911dc2be01680006c620bb1939367128777b96?s=96&d=retro&r=g\",\"contentUrl\":\"https:\\\/\\\/secure.gravatar.com\\\/avatar\\\/eaf31a1921e765abe809563adf911dc2be01680006c620bb1939367128777b96?s=96&d=retro&r=g\",\"caption\":\"Giulia Perotta\"},\"url\":\"https:\\\/\\\/blog.wildix.com\\\/it\\\/author\\\/giulia-perotta\\\/\"}]}<\/script>\n<!-- \/ Yoast SEO plugin. -->","yoast_head_json":{"title":"Personal branding? A me non serve, e poi non ho tempo.","description":"La definizione inglese forse intimorisce, o forse infastidisce, ma se ci pensiamo bene, tutti noi abbiamo fatto, facciamo e sempre faremo Personal Branding...","robots":{"index":"index","follow":"follow","max-snippet":"max-snippet:-1","max-image-preview":"max-image-preview:large","max-video-preview":"max-video-preview:-1"},"canonical":"https:\/\/blog.wildix.com\/it\/personal-branding-a-me-non-serve-e-poi-non-ho-tempo\/","og_locale":"it_IT","og_type":"article","og_title":"Personal branding? A me non serve, e poi non ho tempo.","og_description":"La definizione inglese forse intimorisce, o forse infastidisce, ma se ci pensiamo bene, tutti noi abbiamo fatto, facciamo e sempre faremo Personal Branding...","og_url":"https:\/\/blog.wildix.com\/it\/personal-branding-a-me-non-serve-e-poi-non-ho-tempo\/","og_site_name":"Wildix Blog","article_publisher":"https:\/\/www.facebook.com\/wildix.pbx","article_published_time":"2019-03-13T10:11:17+00:00","article_modified_time":"2019-03-13T10:18:44+00:00","og_image":[{"width":1000,"height":667,"url":"https:\/\/blog.wildix.com\/wp-content\/uploads\/2019\/03\/personal-branding-a-me-non-serve-e-poi-non-ho-tempo.jpg","type":"image\/jpeg"}],"author":"Giulia Perotta","twitter_card":"summary_large_image","twitter_creator":"@WildixSrl","twitter_site":"@WildixSrl","twitter_misc":{"Scritto da":"Giulia Perotta","Tempo di lettura stimato":"3 minuti"},"schema":{"@context":"https:\/\/schema.org","@graph":[{"@type":["Article","BlogPosting"],"@id":"https:\/\/blog.wildix.com\/it\/personal-branding-a-me-non-serve-e-poi-non-ho-tempo\/#article","isPartOf":{"@id":"https:\/\/blog.wildix.com\/it\/personal-branding-a-me-non-serve-e-poi-non-ho-tempo\/"},"author":{"name":"Giulia Perotta","@id":"https:\/\/blog.wildix.com\/#\/schema\/person\/33bfb2fc3a73b6e9d42bd399cd1b3487"},"headline":"PERSONAL BRANDING? A ME NON SERVE, E POI NON HO TEMPO.","datePublished":"2019-03-13T10:11:17+00:00","dateModified":"2019-03-13T10:18:44+00:00","mainEntityOfPage":{"@id":"https:\/\/blog.wildix.com\/it\/personal-branding-a-me-non-serve-e-poi-non-ho-tempo\/"},"wordCount":600,"commentCount":0,"publisher":{"@id":"https:\/\/blog.wildix.com\/#organization"},"image":{"@id":"https:\/\/blog.wildix.com\/it\/personal-branding-a-me-non-serve-e-poi-non-ho-tempo\/#primaryimage"},"thumbnailUrl":"https:\/\/blog.wildix.com\/wp-content\/uploads\/2019\/03\/personal-branding-a-me-non-serve-e-poi-non-ho-tempo.jpg","articleSection":["Blog @it"],"inLanguage":"it-IT","potentialAction":[{"@type":"CommentAction","name":"Comment","target":["https:\/\/blog.wildix.com\/it\/personal-branding-a-me-non-serve-e-poi-non-ho-tempo\/#respond"]}]},{"@type":"WebPage","@id":"https:\/\/blog.wildix.com\/it\/personal-branding-a-me-non-serve-e-poi-non-ho-tempo\/","url":"https:\/\/blog.wildix.com\/it\/personal-branding-a-me-non-serve-e-poi-non-ho-tempo\/","name":"Personal branding? A me non serve, e poi non ho tempo.","isPartOf":{"@id":"https:\/\/blog.wildix.com\/#website"},"primaryImageOfPage":{"@id":"https:\/\/blog.wildix.com\/it\/personal-branding-a-me-non-serve-e-poi-non-ho-tempo\/#primaryimage"},"image":{"@id":"https:\/\/blog.wildix.com\/it\/personal-branding-a-me-non-serve-e-poi-non-ho-tempo\/#primaryimage"},"thumbnailUrl":"https:\/\/blog.wildix.com\/wp-content\/uploads\/2019\/03\/personal-branding-a-me-non-serve-e-poi-non-ho-tempo.jpg","datePublished":"2019-03-13T10:11:17+00:00","dateModified":"2019-03-13T10:18:44+00:00","description":"La definizione inglese forse intimorisce, o forse infastidisce, ma se ci pensiamo bene, tutti noi abbiamo fatto, facciamo e sempre faremo Personal Branding...","breadcrumb":{"@id":"https:\/\/blog.wildix.com\/it\/personal-branding-a-me-non-serve-e-poi-non-ho-tempo\/#breadcrumb"},"inLanguage":"it-IT","potentialAction":[{"@type":"ReadAction","target":["https:\/\/blog.wildix.com\/it\/personal-branding-a-me-non-serve-e-poi-non-ho-tempo\/"]}]},{"@type":"ImageObject","inLanguage":"it-IT","@id":"https:\/\/blog.wildix.com\/it\/personal-branding-a-me-non-serve-e-poi-non-ho-tempo\/#primaryimage","url":"https:\/\/blog.wildix.com\/wp-content\/uploads\/2019\/03\/personal-branding-a-me-non-serve-e-poi-non-ho-tempo.jpg","contentUrl":"https:\/\/blog.wildix.com\/wp-content\/uploads\/2019\/03\/personal-branding-a-me-non-serve-e-poi-non-ho-tempo.jpg","width":1000,"height":667},{"@type":"BreadcrumbList","@id":"https:\/\/blog.wildix.com\/it\/personal-branding-a-me-non-serve-e-poi-non-ho-tempo\/#breadcrumb","itemListElement":[{"@type":"ListItem","position":1,"name":"Home","item":"https:\/\/blog.wildix.com\/it\/"},{"@type":"ListItem","position":2,"name":"Blog @it","item":"https:\/\/blog.wildix.com\/it\/category\/blog-it\/"},{"@type":"ListItem","position":3,"name":"PERSONAL BRANDING? A ME NON SERVE, E POI NON HO TEMPO."}]},{"@type":"WebSite","@id":"https:\/\/blog.wildix.com\/#website","url":"https:\/\/blog.wildix.com\/","name":"Wildix Blog","description":"Dal VoIP alle Unified Communication al WebRTC","publisher":{"@id":"https:\/\/blog.wildix.com\/#organization"},"potentialAction":[{"@type":"SearchAction","target":{"@type":"EntryPoint","urlTemplate":"https:\/\/blog.wildix.com\/?s={search_term_string}"},"query-input":{"@type":"PropertyValueSpecification","valueRequired":true,"valueName":"search_term_string"}}],"inLanguage":"it-IT"},{"@type":"Organization","@id":"https:\/\/blog.wildix.com\/#organization","name":"Wildix","url":"https:\/\/blog.wildix.com\/","logo":{"@type":"ImageObject","inLanguage":"it-IT","@id":"https:\/\/blog.wildix.com\/#\/schema\/logo\/image\/","url":"https:\/\/blog.wildix.com\/wp-content\/uploads\/2015\/05\/LOGO-WILDIX-BLU-small-e1733323375170.jpg","contentUrl":"https:\/\/blog.wildix.com\/wp-content\/uploads\/2015\/05\/LOGO-WILDIX-BLU-small-e1733323375170.jpg","width":473,"height":192,"caption":"Wildix"},"image":{"@id":"https:\/\/blog.wildix.com\/#\/schema\/logo\/image\/"},"sameAs":["https:\/\/www.facebook.com\/wildix.pbx","https:\/\/x.com\/WildixSrl","https:\/\/www.linkedin.com\/company\/wildix-srl","https:\/\/www.youtube.com\/user\/WildixPBX"]},{"@type":"Person","@id":"https:\/\/blog.wildix.com\/#\/schema\/person\/33bfb2fc3a73b6e9d42bd399cd1b3487","name":"Giulia Perotta","image":{"@type":"ImageObject","inLanguage":"it-IT","@id":"https:\/\/secure.gravatar.com\/avatar\/eaf31a1921e765abe809563adf911dc2be01680006c620bb1939367128777b96?s=96&d=retro&r=g","url":"https:\/\/secure.gravatar.com\/avatar\/eaf31a1921e765abe809563adf911dc2be01680006c620bb1939367128777b96?s=96&d=retro&r=g","contentUrl":"https:\/\/secure.gravatar.com\/avatar\/eaf31a1921e765abe809563adf911dc2be01680006c620bb1939367128777b96?s=96&d=retro&r=g","caption":"Giulia Perotta"},"url":"https:\/\/blog.wildix.com\/it\/author\/giulia-perotta\/"}]}},"_links":{"self":[{"href":"https:\/\/blog.wildix.com\/it\/wp-json\/wp\/v2\/posts\/24894","targetHints":{"allow":["GET"]}}],"collection":[{"href":"https:\/\/blog.wildix.com\/it\/wp-json\/wp\/v2\/posts"}],"about":[{"href":"https:\/\/blog.wildix.com\/it\/wp-json\/wp\/v2\/types\/post"}],"author":[{"embeddable":true,"href":"https:\/\/blog.wildix.com\/it\/wp-json\/wp\/v2\/users\/546"}],"replies":[{"embeddable":true,"href":"https:\/\/blog.wildix.com\/it\/wp-json\/wp\/v2\/comments?post=24894"}],"version-history":[{"count":0,"href":"https:\/\/blog.wildix.com\/it\/wp-json\/wp\/v2\/posts\/24894\/revisions"}],"wp:featuredmedia":[{"embeddable":true,"href":"https:\/\/blog.wildix.com\/it\/wp-json\/wp\/v2\/media\/24897"}],"wp:attachment":[{"href":"https:\/\/blog.wildix.com\/it\/wp-json\/wp\/v2\/media?parent=24894"}],"wp:term":[{"taxonomy":"category","embeddable":true,"href":"https:\/\/blog.wildix.com\/it\/wp-json\/wp\/v2\/categories?post=24894"},{"taxonomy":"post_tag","embeddable":true,"href":"https:\/\/blog.wildix.com\/it\/wp-json\/wp\/v2\/tags?post=24894"}],"curies":[{"name":"wp","href":"https:\/\/api.w.org\/{rel}","templated":true}]}}